{"id":15149,"date":"2021-04-21T21:48:25","date_gmt":"2021-04-21T19:48:25","guid":{"rendered":"http:\/\/www.prospereando.es\/?p=15149"},"modified":"2021-04-21T21:55:36","modified_gmt":"2021-04-21T19:55:36","slug":"la-mayor-mortalidad-por-covid-19-refleja-la-mala-gestion-de-la-pandemia-en-madrid-comparacion-entre-comunidades-autonomas","status":"publish","type":"post","link":"https:\/\/www.prospereando.es\/index.php\/2021\/04\/21\/la-mayor-mortalidad-por-covid-19-refleja-la-mala-gestion-de-la-pandemia-en-madrid-comparacion-entre-comunidades-autonomas\/","title":{"rendered":"La mayor mortalidad por COVID-19 refleja la mala gesti\u00f3n de la pandemia en Madrid: Comparaci\u00f3n entre Comunidades Aut\u00f3nomas"},"content":{"rendered":"<p>La gesti\u00f3n de la pandemia de COVID-19 ha entrado de lleno en la campa\u00f1a electoral en Madrid. La propaganda oficial se empe\u00f1a en destacar su \u00e9xito, traducido en que Madrid es una de las comunidades con la mortalidad m\u00e1s baja. Sin embargo, es ya conocido que la mortalidad por COVID-19 en Madrid supera la de otras comunidades aut\u00f3nomas de Espa\u00f1a.<\/p>\n<p>Documento completo extracto de el Confidencial:<br \/>\n<a href=\"http:\/\/www.prospereando.es\/wp-content\/uploads\/2021\/04\/ElConfidencial_21abril2021_Mortalidad-y-gestio\u0301n-Covid.pdf\">ElConfidencial_21abril2021_Mortalidad y gestio\u0301n Covid<\/a><\/p>\n","protected":false},"excerpt":{"rendered":"<p>La gesti\u00f3n de la pandemia de COVID-19 ha entrado de lleno en la campa\u00f1a electoral en Madrid. La propaganda oficial se empe\u00f1a en destacar su \u00e9xito, traducido en que Madrid es una de las comunidades con la mortalidad m\u00e1s baja. Sin embargo, es ya conocido que la mortalidad por COVID-19 en Madrid supera la de otras comunidades aut\u00f3nomas de Espa\u00f1a. Documento completo extracto de el Confidencial: ElConfidencial_21abril2021_Mortalidad y gestio\u0301n Covid<\/p>\n","protected":false},"author":1,"featured_media":0,"comment_status":"open","ping_status":"open","sticky":false,"template":"","format":"standard","meta":{"footnotes":""},"categories":[578,13],"tags":[],"class_list":["post-15149","post","type-post","status-publish","format-standard","hentry","category-covid-19","category-revista-de-prensa","sent_by-maria-victoria-zunzunegui"],"_links":{"self":[{"href":"https:\/\/www.prospereando.es\/index.php\/wp-json\/wp\/v2\/posts\/15149","targetHints":{"allow":["GET"]}}],"collection":[{"href":"https:\/\/www.prospereando.es\/index.php\/wp-json\/wp\/v2\/posts"}],"about":[{"href":"https:\/\/www.prospereando.es\/index.php\/wp-json\/wp\/v2\/types\/post"}],"author":[{"embeddable":true,"href":"https:\/\/www.prospereando.es\/index.php\/wp-json\/wp\/v2\/users\/1"}],"replies":[{"embeddable":true,"href":"https:\/\/www.prospereando.es\/index.php\/wp-json\/wp\/v2\/comments?post=15149"}],"version-history":[{"count":3,"href":"https:\/\/www.prospereando.es\/index.php\/wp-json\/wp\/v2\/posts\/15149\/revisions"}],"predecessor-version":[{"id":15153,"href":"https:\/\/www.prospereando.es\/index.php\/wp-json\/wp\/v2\/posts\/15149\/revisions\/15153"}],"wp:attachment":[{"href":"https:\/\/www.prospereando.es\/index.php\/wp-json\/wp\/v2\/media?parent=15149"}],"wp:term":[{"taxonomy":"category","embeddable":true,"href":"https:\/\/www.prospereando.es\/index.php\/wp-json\/wp\/v2\/categories?post=15149"},{"taxonomy":"post_tag","embeddable":true,"href":"https:\/\/www.prospereando.es\/index.php\/wp-json\/wp\/v2\/tags?post=15149"}],"curies":[{"name":"wp","href":"https:\/\/api.w.org\/{rel}","templated":true}]}}