{"id":15144,"date":"2021-04-21T21:38:32","date_gmt":"2021-04-21T19:38:32","guid":{"rendered":"http:\/\/www.prospereando.es\/?p=15144"},"modified":"2021-04-21T21:38:32","modified_gmt":"2021-04-21T19:38:32","slug":"chacha","status":"publish","type":"post","link":"https:\/\/www.prospereando.es\/index.php\/2021\/04\/21\/chacha\/","title":{"rendered":"Chacha"},"content":{"rendered":"<p align=\"justify\"><img loading=\"lazy\" decoding=\"async\" class=\" wp-image-15145 aligncenter\" src=\"http:\/\/www.prospereando.es\/wp-content\/uploads\/2021\/04\/chacha2-300x171.jpg\" alt=\"\" width=\"579\" height=\"330\" srcset=\"https:\/\/www.prospereando.es\/wp-content\/uploads\/2021\/04\/chacha2-300x171.jpg 300w, https:\/\/www.prospereando.es\/wp-content\/uploads\/2021\/04\/chacha2.jpg 600w\" sizes=\"auto, (max-width: 579px) 100vw, 579px\" \/><\/p>\n<p align=\"justify\">Por estos d\u00edas se conmemora la muerte de alguien que se convirti\u00f3 en poema desde muy joven. Naci\u00f3 y muri\u00f3 en abril, lleg\u00f3 un 21 y nos dej\u00f3 un 17 de hace trece a\u00f1os, su nombre fue el de Rosario, Rosario S\u00e1nchez Mora.<\/p>\n<p align=\"justify\">A\u00fan hoy podemos o\u00edr su voz a lo lejos, frente a la Cibeles: \u00a1Tabaco rubio!, \u00a1puros habanos!. As\u00ed comenz\u00f3 a ganarse el pan, con el tiempo logr\u00f3 vender tabaco en un estanco.<\/p>\n<p align=\"justify\">\u00bfCu\u00e1ntos sesentones vallecanos la habr\u00e1n comprado tabaco en su juventud sin saber qui\u00e9n era? Era Rosario, \u201cLa dinamitera\u201d. Era historia viva encerrada en un estanco, entre habanos y celtas. Caldo y Chesterfield.<\/p>\n<p style=\"text-align: center;\" align=\"justify\">Rosario dinamitera<br \/>\nsobre tu mano bonita<br \/>\ncelaba la dinamita<br \/>\nsus atributos de fiera.<br \/>\nNadie al mirarla creyera<br \/>\nque hab\u00eda en su coraz\u00f3n<br \/>\nuna desesperaci\u00f3n<br \/>\nde cristales, de metralla<br \/>\nansiosa de una batalla,<br \/>\nsedienta de una explosi\u00f3n.<\/p>\n<p align=\"justify\">Todo comenz\u00f3 un 19 de julio, iba todas las ma\u00f1anas a aprender costura en la Casa del Pueblo, cerca de la Universidad Central de San Bernardo, cuando lleg\u00f3 al local se enter\u00f3 que ped\u00edan voluntarios para defender Madrid, ella se apunt\u00f3, la metieron en un cami\u00f3n y la dejaron en Somosierra. Ten\u00edan que defender el agua que llegaba a Madrid, hab\u00eda posibilidad de que las tropas sublevadas la envenenaran o cortaran el suministro a la poblaci\u00f3n. Mola mandaba un grupo de militares junto a voluntarios requet\u00e9s y falangistas, que no eran militares. La lucha se encon\u00f3 cerca de Lozoya; voluntarios civiles que defend\u00edan Madrid enfrentados a voluntarios civiles que defend\u00edan la sublevaci\u00f3n.<\/p>\n<p align=\"justify\">Una d\u00eda ocurri\u00f3 la desgracia, aunque solo perdi\u00f3 la mano.<\/p>\n<p align=\"justify\">De alguna forma, esa historia lleg\u00f3 a los o\u00eddos de Miguel Hern\u00e1ndez y este la convirti\u00f3 en historia de guerra con su poema.<\/p>\n<p style=\"text-align: center;\" align=\"justify\">Era tu mano derecha,<br \/>\ncapaz de fundir leones,<br \/>\nla flor de las municiones<br \/>\ny el anhelo de la mecha.<\/p>\n<p align=\"justify\">Meses despu\u00e9s Miguel y ella se conocieron en Madrid, cuando Chacha, as\u00ed la comenzaron a llamar en Somosierra, trabajaba como telefonista, el poema ya hab\u00eda sido publicado en el peri\u00f3dico \u201cEl Socorro Rojo\u201d, y estaba dedicado al amigo, quiz\u00e1 el \u00fanico amigo de Miguel, Vicente Alexandre.<\/p>\n<p align=\"justify\">Meses despu\u00e9s se volvieron a encontrar los dos, tuvieron ocasi\u00f3n de leer en la Uni\u00f3n Radio, en la Gran V\u00eda, hoy la Ser, ese poema, su poema.<\/p>\n<p align=\"justify\">Su vida coincidi\u00f3 en otro \u00faltimo momento con Miguel, esta vez en la distancia.<\/p>\n<p align=\"justify\">S\u00ed, el mismo d\u00eda que Chacha abandonaba el penal guipuzcoano de Saturrar\u00e1n, en Motrico, el poeta mor\u00eda en la c\u00e1rcel de Alicante a causa de una tuberculosis que no se le quiso tratar hasta pocos d\u00edas antes de su muerte.<\/p>\n<p align=\"justify\">A partir de aquel d\u00eda comenz\u00f3 una nueva lucha, una triste pena que le hizo aprender a llorar para dentro. El que fuera su marido desapareci\u00f3, no muri\u00f3, supo tiempo despu\u00e9s que inici\u00f3 una nueva vida tras la depuraci\u00f3n que hicieron los que la ganaron. Chacha tuvo una hija de esa relaci\u00f3n. Tras mucho esconder las penas y el hambre logr\u00f3 vender tabaco de estraperlo para subsistir. Dej\u00f3 de ser la memoria de un pueblo hecha poema, vivi\u00f3 escondida para que nadie supiera sobre su pronunciamiento democr\u00e1tico.<\/p>\n<p align=\"justify\">A\u00f1os m\u00e1s tarde logr\u00f3 vender p\u00f3lizas del Estado, sellos y tabaco en un estanco. Los reto\u00f1os nacidos en la intransigencia y la barbarie no sab\u00edan qui\u00e9n era cuando le compraban, Peninsulares, Bisonte o cerillas; siempre jug\u00f3 con fuego. Se convirti\u00f3 en parte de los residuos que crecen del silencio tras perder una guerra.<\/p>\n<p align=\"justify\">A\u00f1os m\u00e1s tarde, cuando ya hab\u00eda muerto, me comentaba uno de esos ni\u00f1os, Isidoro, compa\u00f1ero de fatigas y desdenes en la sanidad p\u00fablica madrile\u00f1a, lo que hab\u00eda supuesto para \u00e9l, el hecho de saber que aquella estanquera de Vallecas, era historia viva de un pueblo, alguien que defendi\u00f3 con solo 17 a\u00f1os los intereses de todos los no sublevados, que solo perdi\u00f3 una mano y una vida con esperanza de futuro. Nunca pudo ser costurera ni modista, solo una modesta estanquera en Pe\u00f1a Prieta.<\/p>\n<p align=\"justify\">Isidoro, me lo dec\u00eda muy dolido, opinaba que le hab\u00edan secuestrado la otra parte de la historia de Espa\u00f1a y, por tanto, hab\u00eda que hacer un esfuerzo por rescatarla y visibilizarla.<\/p>\n<p align=\"justify\">De ah\u00ed este humilde recuerdo a alguien que form\u00f3 parte de una juventud rota por la guerra. A todas ellas, a todos ellos, con mucha pena.<\/p>\n<p style=\"text-align: center;\" align=\"justify\">\u00a1Bien conoci\u00f3 el enemigo<br \/>\nla mano de la doncella,<br \/>\nque hoy no es mano porque de ella,<br \/>\nque ni un solo dedo agita,<br \/>\nse prend\u00f3 la dinamita<br \/>\ny la convirti\u00f3 en estrella!<\/p>\n<p style=\"text-align: right;\" align=\"justify\"><em><strong>Miguel Hern\u00e1ndez<\/strong><\/em><\/p>\n","protected":false},"excerpt":{"rendered":"<p>Por estos d\u00edas se conmemora la muerte de alguien que se convirti\u00f3 en poema desde muy joven. Naci\u00f3 y muri\u00f3 en abril, lleg\u00f3 un 21 y nos dej\u00f3 un 17 de hace trece a\u00f1os, su nombre fue el de Rosario, Rosario S\u00e1nchez Mora.<\/p>\n","protected":false},"author":1,"featured_media":15145,"comment_status":"open","ping_status":"open","sticky":false,"template":"","format":"standard","meta":{"footnotes":""},"categories":[20],"tags":[],"class_list":["post-15144","post","type-post","status-publish","format-standard","has-post-thumbnail","hentry","category-opinion","sent_by-emilio-meseguer-enderiz"],"_links":{"self":[{"href":"https:\/\/www.prospereando.es\/index.php\/wp-json\/wp\/v2\/posts\/15144","targetHints":{"allow":["GET"]}}],"collection":[{"href":"https:\/\/www.prospereando.es\/index.php\/wp-json\/wp\/v2\/posts"}],"about":[{"href":"https:\/\/www.prospereando.es\/index.php\/wp-json\/wp\/v2\/types\/post"}],"author":[{"embeddable":true,"href":"https:\/\/www.prospereando.es\/index.php\/wp-json\/wp\/v2\/users\/1"}],"replies":[{"embeddable":true,"href":"https:\/\/www.prospereando.es\/index.php\/wp-json\/wp\/v2\/comments?post=15144"}],"version-history":[{"count":1,"href":"https:\/\/www.prospereando.es\/index.php\/wp-json\/wp\/v2\/posts\/15144\/revisions"}],"predecessor-version":[{"id":15146,"href":"https:\/\/www.prospereando.es\/index.php\/wp-json\/wp\/v2\/posts\/15144\/revisions\/15146"}],"wp:featuredmedia":[{"embeddable":true,"href":"https:\/\/www.prospereando.es\/index.php\/wp-json\/wp\/v2\/media\/15145"}],"wp:attachment":[{"href":"https:\/\/www.prospereando.es\/index.php\/wp-json\/wp\/v2\/media?parent=15144"}],"wp:term":[{"taxonomy":"category","embeddable":true,"href":"https:\/\/www.prospereando.es\/index.php\/wp-json\/wp\/v2\/categories?post=15144"},{"taxonomy":"post_tag","embeddable":true,"href":"https:\/\/www.prospereando.es\/index.php\/wp-json\/wp\/v2\/tags?post=15144"}],"curies":[{"name":"wp","href":"https:\/\/api.w.org\/{rel}","templated":true}]}}