{"id":15141,"date":"2021-04-21T21:20:00","date_gmt":"2021-04-21T19:20:00","guid":{"rendered":"http:\/\/www.prospereando.es\/?p=15141"},"modified":"2021-04-21T21:20:00","modified_gmt":"2021-04-21T19:20:00","slug":"luces-de-pandemia-v","status":"publish","type":"post","link":"https:\/\/www.prospereando.es\/index.php\/2021\/04\/21\/luces-de-pandemia-v\/","title":{"rendered":"Luces de pandemia V"},"content":{"rendered":"<p align=\"justify\"><img loading=\"lazy\" decoding=\"async\" class=\" wp-image-15142 aligncenter\" src=\"http:\/\/www.prospereando.es\/wp-content\/uploads\/2021\/04\/barrioletras1-300x160.jpg\" alt=\"\" width=\"632\" height=\"337\" srcset=\"https:\/\/www.prospereando.es\/wp-content\/uploads\/2021\/04\/barrioletras1-300x160.jpg 300w, https:\/\/www.prospereando.es\/wp-content\/uploads\/2021\/04\/barrioletras1.jpg 600w\" sizes=\"auto, (max-width: 632px) 100vw, 632px\" \/><\/p>\n<p align=\"justify\"><em>La Latina y Stela M\u00e1s, est\u00e1n paseando por el barrio de las Letras.<\/em><\/p>\n<p align=\"justify\"><strong>Stela.-<\/strong> \u00bfY qu\u00e9 ha pasado con la cantidad de teatros que hab\u00eda en este barrio?<\/p>\n<p align=\"justify\"><strong>Latina.-<\/strong> Solo quedan los nombres que recuerdan a algunos dramaturgos, el resto se los ha comido la modernidad, las redes y nuevas tecnolog\u00edas. Ahora el teatro est\u00e1 en los lugares donde se re\u00fanen los que nos representan, all\u00ed montan el tinglado de la moderna farsa y nos quieren catequizar con el \u201c\u2026y t\u00fa m\u00e1s\u201d, sin que nosotros participemos de tan aburrida fiesta.<\/p>\n<p align=\"justify\"><strong>Stela<\/strong>.- Est\u00e1s en todo Latina, tienes raz\u00f3n, como dijo el ex gobernante, es metaf\u00edsicamente imposible gobernar y enterarse de lo que ocurre cuando hay que estar en el gorigori en A y en B, de la escena falsopol\u00edtica.<\/p>\n<p align=\"justify\"><strong>Latina<\/strong>.- Y m\u00e1xime cuando se ha estrenado el nuevo g\u00e9nero esperp\u00e9ntico desmoralizante, las llamadas payusadas. Aunque a veces te dan con un Cant\u00f3 en los dientes.<\/p>\n<p align=\"justify\"><strong>Stela<\/strong>.- Eso en mis tiempos se hubiera definido como desfachatez.<\/p>\n<p align=\"justify\"><strong>Latina<\/strong>.- No, sin el des, solo \u201cfachatez\u201d, que esa es la tendencia, seg\u00fan se advierte en la autora; mucha facha y mucha tez.<\/p>\n<p align=\"justify\"><strong>Stela<\/strong>.-Siempre juegan a ganar, cuando las costuras les ajustan un poco sale aquello de que la culpa es del hilo.<\/p>\n<p align=\"justify\"><strong>Latina<\/strong>.- De cualquier forma la cosa esa de la desfachatez esparcida tiene bemoles. Dicen que alg\u00fan presidente de Bankia, al fusionarse con Caixa Bank, se mortifica y pide perd\u00f3n por sus pecados presentes y futuros mientras se triplica el sueldo.<\/p>\n<p align=\"justify\"><strong>Stela<\/strong>.- Am\u00e9n. El dinero, es sabido, que lima muchas asperezas. Si triplicas el sueldo del jefe, no hay problemas para la fusi\u00f3n, aunque sigamos en la confusi\u00f3n de si Bankia es de todos o se agarran al credo de fondos y materia reservada.<\/p>\n<p align=\"justify\"><strong>Latina<\/strong>.- S\u00ed, siempre habr\u00e1 materia reservada\u2026 para tontos que no saben o quieren resucitar a los poderes opacos.<\/p>\n<p align=\"justify\"><strong>Stela<\/strong>.- Bien tra\u00eddo lo de ocacos.<\/p>\n<p align=\"justify\"><strong>Latina<\/strong>.- No, he dicho opacos, como Paco el intransigente. Adem\u00e1s de cegata est\u00e1s sorderas.<\/p>\n<p align=\"justify\"><strong>Stela<\/strong>.- Latina, es que no hay quien te siga con tanto despiporre ling\u00fc\u00edstico. Al decir opaco yo entiendo ocaco y te refieres a oh, Paco. Si lo miras bien, en el fondo, es lo mismo Paco que caco, pero me descontrolas y para colmo esta mascarilla tan apretada me desmo\u00f1a las neuronas.<\/p>\n<p align=\"justify\"><strong>Latina<\/strong>.- Pues estate atenta, que aqu\u00ed las noticias pasan de largo antes de leerlas y reflexionar sobre ellas y su alcance.<\/p>\n<p align=\"justify\"><strong>Stela<\/strong>.- Noticias y situaciones convulsas, \u00bfqui\u00e9n iba a suponer que en ciertos barrios obreros salieran cachorros de la des fachatez?<\/p>\n<p align=\"justify\"><strong>Latina<\/strong>.- La moda no incomoda, como no saben lo que es sufrir hasta conseguir una democracia, ahora, dentro de su derecho democr\u00e1tico, quieren romperla y vivir al dictado de la incompetencia. Pero eso es fruto del miedo.<\/p>\n<p align=\"justify\"><strong>Stela<\/strong>.- Del miedo que tuvieron nuestros dirigentes a dejar sentados unos principios durante la transici\u00f3n.<\/p>\n<p align=\"justify\"><strong>Latina<\/strong>.- Lo mismo es que no se ha llegado a terminar la transici\u00f3n. Habr\u00e1 que pensarlo detenidamente. Los unos queman la sede regional de un partido y son solo desfachateces, cuando otro dibuja en la tumba del oh, Paco, una paloma de la paz y escribe \u201cpor la libertad\u201d, le acusan de delito contra la libertad de conciencia&#8230; Lo que yo digo, con ciencia tendr\u00eda que ser juzgado este hecho.<\/p>\n<p align=\"justify\"><strong>Stela<\/strong>.- Pues lo mismo est\u00e1n pensando en juzgar a los que pintaron y descascarillaron la sede de la asociaci\u00f3n de vecinos por el mismo delito contra la libertad de conciencia, o los que mandaron quitar el listado de v\u00edctimas en el cementerio. Pero me temo que ya es tarde para actuar. \u00bfSer\u00e1 verdad que el oh, Paco lo ten\u00eda todo atado y bien atado?, \u00bfqu\u00e9 nada de esto obedece a la improvisaci\u00f3n?<\/p>\n<p align=\"justify\"><strong>Latina<\/strong>.- Me temo que, escuchando a algunos de los que vivieron de las puertas giratorias tras dejar de mal organizar el nuevo sistema de gobierno, va a ser que s\u00ed.<\/p>\n<p align=\"justify\"><strong>Stela<\/strong>.- Tambi\u00e9n me temo que s\u00ed. Mientras unos en Madrid, quieren destruir las estatuas de presidentes electos de la rep\u00fablica, los mismos en Badajoz, piden estatuas de ese tal oh, Paco.<\/p>\n<p align=\"justify\"><strong>Latina<\/strong>.- Falta de responsabilidad, de coherencia y exceso de miedo.<\/p>\n<p align=\"justify\"><strong>Stela<\/strong>.- Ya lo dec\u00eda Bernard Shaw: La libertad supone responsabilidad, por eso la mayor parte de los humanos le tiene miedo. Busca subterfugios para no enfrentarse con ella.<\/p>\n<p align=\"justify\"><strong>Latina<\/strong>.- Somos vulnerables al encallamiento, es por lo que la gente vota en masa lo que vota. No somos nada sin el miedo, por eso nos ponemos la zancadilla, para no crecer. Y de paso metemos en el mismo paquete a la \u00e9tica, pero eso no importa con tal de tener la posibilidad de no decidir sobre nuestro futuro.<\/p>\n<p align=\"justify\"><strong>Stela<\/strong>.- Esto me recuerda al famoso Evergreen, el barco encallado en el canal de Suez. Si un elemento, emoci\u00f3n o derecho encalla y deja de fluir en su recorrido natural, hace que se colapsen los de una mayor\u00eda que transita por los mismos lugares, \u00bfte das cuenta?<\/p>\n<p align=\"justify\"><strong>Latina<\/strong>.-Me la doy. Si algo obtura el libre movimiento se organiza el foll\u00f3n. Colapsa.<\/p>\n<p align=\"justify\"><strong>Stela<\/strong>.-Eso es. Es justo lo que est\u00e1 ocurriendo aqu\u00ed, donde Madrid es Espa\u00f1a y Espa\u00f1a Madrid, pero este Madrid-Espa\u00f1a est\u00e1 encallado, no fluye pero influye. Somos el ap\u00e9ndice de Europa, con nuestras pautas y estructuras, pero el encallamiento de una de las partes impide el flujo y colapsa el sistema. Es m\u00e1s, puede llegar a anegar la UE.<\/p>\n<p align=\"justify\"><strong>Latina<\/strong>.- No, no podemos ir por aqu\u00ed, la calle de la Raz\u00f3n est\u00e1 cortada, vamos a tener que torcer a la derecha, por el callej\u00f3n de la Inconsciencia, no s\u00e9 d\u00f3nde nos llevar\u00e1, lo mismo tambi\u00e9n est\u00e1 cortado.<\/p>\n<p align=\"justify\"><strong>Stela<\/strong>.- Mejor damos la vuelta y seguimos por la calle de la Confusi\u00f3n, a ver si hay suerte.<\/p>\n<p align=\"justify\"><strong>Latina<\/strong>.- Y volviendo a lo que \u00edbamos, hay que tener mucho cuidado con lo que se dice, los amigos del ruido que acompa\u00f1a al miedo, si escuchan algo justo y coherente, como subir el salario m\u00ednimo, el derecho a una vivienda o el freno a los desahucios, te queman las ruedas o te rasgan las vestimentas y luego te destrozan la asociaci\u00f3n vecinal m\u00e1s pr\u00f3xima.<\/p>\n<p align=\"justify\"><strong>Stela<\/strong>.- En el fondo no hemos cambiado tanto, necesitamos inmolar algo, tanto en los ritos paganos como religiosos. As\u00ed es este pa\u00eds del que Vd. me habla, que dir\u00eda uno que yo me s\u00e9.<\/p>\n<p align=\"justify\"><strong>Latina<\/strong>.- Ya s\u00e9 de qu\u00e9 pa\u00eds hablas, los que admiten el paro y la exclusi\u00f3n mientras viven contentos entre inmatriculaciones con t\u00edtulo de propiedad y matriculaciones para t\u00edtulos universitarios opacos. \u00a1Entre los unos y los otros me est\u00e1n dando el decenio!<\/p>\n<p align=\"justify\"><strong>Stela<\/strong>.- Y como no hay noticias de que hablar, los medios de comunicaci\u00f3n dicen estar en crisis. Esto es una agon\u00eda con tanta tontuna, no paran de marearnos con absurdos y de omitir lo interesante para luego decir que est\u00e1n en crisis. Lo que te digo, una agon\u00eda.<\/p>\n<p align=\"justify\"><strong>Latina<\/strong>.- Otros dicen que la econom\u00eda est\u00e1 en crisis y que la pol\u00edtica \u00faltimamente est\u00e1 basada solo en la econom\u00eda. Ah\u00ed lo dejo.<\/p>\n<p align=\"justify\"><strong>Stela<\/strong>.- Ergo la pol\u00edtica tambi\u00e9n est\u00e1 en crisis. Se mantiene la agon\u00eda en nuestras vidas.<\/p>\n<p align=\"justify\"><strong>Latina<\/strong>.- Y mientras tanto nosotras somos las \u201cArgoniautas\u201d.<\/p>\n<p align=\"justify\"><strong>Stela<\/strong>.- En la b\u00fasqueda de un vellocino llamado \u201ccompromiso social\u201d. Te creo.<\/p>\n","protected":false},"excerpt":{"rendered":"<p>La Latina y Stela M\u00e1s, est\u00e1n paseando por el barrio de las Letras. Stela.- \u00bfY qu\u00e9 ha pasado con la cantidad de teatros que hab\u00eda en este barrio? Latina.- Solo quedan los nombres que recuerdan a algunos dramaturgos, el resto se los ha comido la modernidad, las redes y nuevas tecnolog\u00edas. Ahora el teatro est\u00e1 en los lugares donde se re\u00fanen los que nos representan, all\u00ed montan el tinglado de la moderna farsa y nos quieren catequizar con el \u201c\u2026y t\u00fa m\u00e1s\u201d, sin que nosotros participemos de tan aburrida fiesta. &hellip; <\/p>\n","protected":false},"author":1,"featured_media":15142,"comment_status":"open","ping_status":"open","sticky":false,"template":"","format":"standard","meta":{"footnotes":""},"categories":[20],"tags":[],"class_list":["post-15141","post","type-post","status-publish","format-standard","has-post-thumbnail","hentry","category-opinion","sent_by-emilio-meseguer-enderiz"],"_links":{"self":[{"href":"https:\/\/www.prospereando.es\/index.php\/wp-json\/wp\/v2\/posts\/15141","targetHints":{"allow":["GET"]}}],"collection":[{"href":"https:\/\/www.prospereando.es\/index.php\/wp-json\/wp\/v2\/posts"}],"about":[{"href":"https:\/\/www.prospereando.es\/index.php\/wp-json\/wp\/v2\/types\/post"}],"author":[{"embeddable":true,"href":"https:\/\/www.prospereando.es\/index.php\/wp-json\/wp\/v2\/users\/1"}],"replies":[{"embeddable":true,"href":"https:\/\/www.prospereando.es\/index.php\/wp-json\/wp\/v2\/comments?post=15141"}],"version-history":[{"count":1,"href":"https:\/\/www.prospereando.es\/index.php\/wp-json\/wp\/v2\/posts\/15141\/revisions"}],"predecessor-version":[{"id":15143,"href":"https:\/\/www.prospereando.es\/index.php\/wp-json\/wp\/v2\/posts\/15141\/revisions\/15143"}],"wp:featuredmedia":[{"embeddable":true,"href":"https:\/\/www.prospereando.es\/index.php\/wp-json\/wp\/v2\/media\/15142"}],"wp:attachment":[{"href":"https:\/\/www.prospereando.es\/index.php\/wp-json\/wp\/v2\/media?parent=15141"}],"wp:term":[{"taxonomy":"category","embeddable":true,"href":"https:\/\/www.prospereando.es\/index.php\/wp-json\/wp\/v2\/categories?post=15141"},{"taxonomy":"post_tag","embeddable":true,"href":"https:\/\/www.prospereando.es\/index.php\/wp-json\/wp\/v2\/tags?post=15141"}],"curies":[{"name":"wp","href":"https:\/\/api.w.org\/{rel}","templated":true}]}}