{"id":14992,"date":"2021-04-02T21:05:11","date_gmt":"2021-04-02T19:05:11","guid":{"rendered":"http:\/\/www.prospereando.es\/?p=14992"},"modified":"2021-04-02T21:05:43","modified_gmt":"2021-04-02T19:05:43","slug":"presentacion-on-line-del-libro-vallekas-en-lucha-de-jose-molina-blazquez","status":"publish","type":"post","link":"https:\/\/www.prospereando.es\/index.php\/2021\/04\/02\/presentacion-on-line-del-libro-vallekas-en-lucha-de-jose-molina-blazquez\/","title":{"rendered":"Presentaci\u00f3n on line del libro \u201cVallekas en Lucha\u201d de  Jos\u00e9 Molina Bl\u00e1zquez."},"content":{"rendered":"<p align=\"justify\"><img loading=\"lazy\" decoding=\"async\" class=\" wp-image-14993 aligncenter\" src=\"http:\/\/www.prospereando.es\/wp-content\/uploads\/2021\/04\/vallecasenlucha1-300x222.jpg\" alt=\"\" width=\"562\" height=\"416\" srcset=\"https:\/\/www.prospereando.es\/wp-content\/uploads\/2021\/04\/vallecasenlucha1-300x222.jpg 300w, https:\/\/www.prospereando.es\/wp-content\/uploads\/2021\/04\/vallecasenlucha1.jpg 600w\" sizes=\"auto, (max-width: 562px) 100vw, 562px\" \/><\/p>\n<p align=\"justify\">Recordamos c\u00f3mo el primer contacto con el autor, a principios de este siglo, fue con Luisa Villar, vecina y escritora de libros infantiles, a la que pedimos nos hablara de la importancia que tiene la lectura en los ni\u00f1os y ni\u00f1as. Se realizaron varios encuentros, que se hicieron habituales, en la Asociaci\u00f3n, en las fiestas y ocasiones de difusi\u00f3n en el barrio de la lectura juvenil, y tambi\u00e9n entre los vecinos peque\u00f1os de la casa.<\/p>\n<p align=\"justify\">Despu\u00e9s, por el 2003, accidentalmente, en la FRAVM, buscando c\u00f3mo encontrar un local para la Asociaci\u00f3n, que pudiera ceder la Administraci\u00f3n, conocimos a Pepe, activista en \u201cVallekas todo Cultura\u201d, que nos ech\u00f3 una mano en el intento. Y compartiendo luchas y negociaciones, nos enteramos de que era marido de Luisa y vecino\u2026<\/p>\n<p align=\"justify\"><img loading=\"lazy\" decoding=\"async\" class=\"alignleft wp-image-14994\" src=\"http:\/\/www.prospereando.es\/wp-content\/uploads\/2021\/04\/vallecasenlucha2-228x300.jpg\" alt=\"\" width=\"422\" height=\"555\" srcset=\"https:\/\/www.prospereando.es\/wp-content\/uploads\/2021\/04\/vallecasenlucha2-228x300.jpg 228w, https:\/\/www.prospereando.es\/wp-content\/uploads\/2021\/04\/vallecasenlucha2.jpg 262w\" sizes=\"auto, (max-width: 422px) 100vw, 422px\" \/><\/p>\n<p align=\"justify\">Desde entonces nos ha unido compartir y potenciar el protagonismo pol\u00edtico de las asociaciones de vecinos, el recuerdo de Vallekas en los pre\u00e1mbulos de la democracia, el convencimiento de que s\u00f3lo a trav\u00e9s de la acci\u00f3n colectiva, es posible cuidar y avanzar en la convivencia digna y equitativa de un barrio de una ciudad.<\/p>\n<p align=\"justify\">Volviendo a Pepe, sin duda, sus ra\u00edces vallecanas, su capacidad de luchar y negociar, buscando las formas que mejor responden al momento y especialmente la alianza con los diversos colectivos, del movimiento vecinal, le llevaron a liderar las luchas que \u00e9l mismo narra.<\/p>\n<p align=\"justify\">Est\u00e1 convencido de que la cultura es lo que nos hace menos vulnerables, que la lucha por unas condiciones de vida digna no se acaban cuando se elimina el barro de las aceras, cuando los vecinos tienen luz y agua, cuando nos podemos reunir, superando el miedo que lleva a un hermetismo ante el vecino nuevo, en los coloquios que se celebraban en la puerta de la casa aunque las manifestaciones estuviesen legalizadas.<\/p>\n<p align=\"justify\">Los que peinamos canas, no podemos olvidar que Vallekas era el lugar de estas manifestaciones, de los primeros de mayo, y que ante la persecuci\u00f3n de los grises, los vecinos te abr\u00edan sus puertas para protegerte\u2026<\/p>\n<p align=\"justify\">Pepe, en estos momentos, en los que s\u00f3lo cuenta vivir al d\u00eda y lo anterior no existe, ha recogido la Memoria Hist\u00f3rica a partir de los a\u00f1os 50, de m\u00e1s de 60.000 ciudadanos que, procedentes de varias zonas de este pa\u00eds, llegaron a estos arrabales, buscando trabajo y una vida digna.<\/p>\n<p align=\"justify\">En este libro, \u201cVALLECAS en LUCHA\u201d, como el mismo autor expresa, \u201cquiere reconocer el m\u00e9rito, incluso el hero\u00edsmo, de cientos de mujeres y hombres que dieron lo mejor de su vida para cambiar las cosas, aun jug\u00e1ndose su propia tranquilidad y la de sus familias en momentos claves de nuestra reciente historia. Lo hicieron por necesidad y por convicci\u00f3n pol\u00edtica, por generosidad con sus conciudadanas y conciudadanos\u201d.<\/p>\n<p align=\"justify\">En el dialogo, de la mano de Pepe Molina Blazquez, memoria viva de VALLEKAS en LUCHA, recorrimos unos a\u00f1os en los que se logr\u00f3 ensanchar la Ciudad de Madrid, conquistar condiciones que ofrecieran una vida digna para cientos de conciudadanos. Posteriormente los asistentes recordaron c\u00f3mo se fue extendiendo a otros barrios, Orcasitas, Moratalaz, la Vaguada, Hortaleza y un largo y ancho cintur\u00f3n, que hoy disfrutamos.<\/p>\n<p align=\"justify\">Fue un\u00e1nime el reconocer que a\u00fan quedan muchos ciudadanos que viven en la calle, que son desalojados de sus viviendas, que est\u00e1n pasando al umbral de la pobreza, y peor al de la exclusi\u00f3n social y zonas como La Ca\u00f1ada Real, rodeadas por un desarrollo urbano insostenible, en el que se mantiene sin luz ni agua a mas de 4.000 vecinos, la mitad de ellos ni\u00f1os y adolescentes, mientras se acuerda el ensanche de la Zona Norte, construyendo oficinas innecesarias.<\/p>\n","protected":false},"excerpt":{"rendered":"<p>Recordamos c\u00f3mo el primer contacto con el autor, a principios de este siglo, fue con Luisa Villar, vecina y escritora de libros infantiles, a la que pedimos nos hablara de la importancia que tiene la lectura en los ni\u00f1os y ni\u00f1as. Se realizaron varios encuentros, que se hicieron habituales, en la Asociaci\u00f3n, en las fiestas y ocasiones de difusi\u00f3n en el barrio de la lectura juvenil, y tambi\u00e9n entre los vecinos peque\u00f1os de la casa. Despu\u00e9s, por el 2003, accidentalmente, en la FRAVM, buscando c\u00f3mo encontrar un local para la &hellip; <\/p>\n","protected":false},"author":1,"featured_media":14995,"comment_status":"open","ping_status":"open","sticky":false,"template":"","format":"standard","meta":{"footnotes":""},"categories":[18],"tags":[],"class_list":["post-14992","post","type-post","status-publish","format-standard","has-post-thumbnail","hentry","category-cultura","sent_by-gloria-cavanna"],"_links":{"self":[{"href":"https:\/\/www.prospereando.es\/index.php\/wp-json\/wp\/v2\/posts\/14992","targetHints":{"allow":["GET"]}}],"collection":[{"href":"https:\/\/www.prospereando.es\/index.php\/wp-json\/wp\/v2\/posts"}],"about":[{"href":"https:\/\/www.prospereando.es\/index.php\/wp-json\/wp\/v2\/types\/post"}],"author":[{"embeddable":true,"href":"https:\/\/www.prospereando.es\/index.php\/wp-json\/wp\/v2\/users\/1"}],"replies":[{"embeddable":true,"href":"https:\/\/www.prospereando.es\/index.php\/wp-json\/wp\/v2\/comments?post=14992"}],"version-history":[{"count":1,"href":"https:\/\/www.prospereando.es\/index.php\/wp-json\/wp\/v2\/posts\/14992\/revisions"}],"predecessor-version":[{"id":14996,"href":"https:\/\/www.prospereando.es\/index.php\/wp-json\/wp\/v2\/posts\/14992\/revisions\/14996"}],"wp:featuredmedia":[{"embeddable":true,"href":"https:\/\/www.prospereando.es\/index.php\/wp-json\/wp\/v2\/media\/14995"}],"wp:attachment":[{"href":"https:\/\/www.prospereando.es\/index.php\/wp-json\/wp\/v2\/media?parent=14992"}],"wp:term":[{"taxonomy":"category","embeddable":true,"href":"https:\/\/www.prospereando.es\/index.php\/wp-json\/wp\/v2\/categories?post=14992"},{"taxonomy":"post_tag","embeddable":true,"href":"https:\/\/www.prospereando.es\/index.php\/wp-json\/wp\/v2\/tags?post=14992"}],"curies":[{"name":"wp","href":"https:\/\/api.w.org\/{rel}","templated":true}]}}