{"id":14404,"date":"2021-01-17T22:31:01","date_gmt":"2021-01-17T21:31:01","guid":{"rendered":"http:\/\/www.prospereando.es\/?p=14404"},"modified":"2021-01-17T22:55:33","modified_gmt":"2021-01-17T21:55:33","slug":"venceremos-aniversario-del-asesinato-de-rosa-luxemburgo","status":"publish","type":"post","link":"https:\/\/www.prospereando.es\/index.php\/2021\/01\/17\/venceremos-aniversario-del-asesinato-de-rosa-luxemburgo\/","title":{"rendered":"Venceremos: Aniversario del asesinato de Rosa Luxemburgo"},"content":{"rendered":"<p align=\"justify\">Hace 97 a\u00f1os, la noche del 15 de enero de 1919, en Berl\u00edn, fue detenida Rosa Luxemburgo: una mujer indefensa con cabellos grises, demacrada y exhausta. Una mujer mayor, que aparentaba mucho m\u00e1s de los 48 a\u00f1os que ten\u00eda.<\/p>\n<p align=\"justify\">Uno de los soldados que la rodeaban, le oblig\u00f3 a seguir a empujones, y la multitud burlona y llena de odio que se agolpaba en el vest\u00edbulo del Hotel Eden le salud\u00f3 con insultos. Ella alz\u00f3 su frente ante la multitud y mir\u00f3 a los soldados y a los hu\u00e9spedes del hotel que se mofaban de ella con sus ojos negros y orgullosos. Y aquellos hombres en sus uniformes desiguales, soldados de la nueva unidad de las tropas de asalto, se sintieron ofendidos por la mirada desde\u00f1osa y casi compasiva de Rosa Luxemburgo, \u201cla rosa roja\u201d, \u201cla jud\u00eda\u201d.<\/p>\n<p align=\"justify\">Le insultaron: \u201cRosita, ah\u00ed viene la vieja puta\u201d. Ellos odiaban todo lo que esta mujer hab\u00eda representado en Alemania durante dos d\u00e9cadas: la firme creencia en la idea del socialismo, el feminismo, el antimilitarismo y la oposici\u00f3n a la guerra, que ellos hab\u00edan perdido en noviembre de 1918. En los d\u00edas previos los soldados hab\u00edan aplastado el levantamiento de trabajadores en Berl\u00edn. Ahora ellos eran los amos. Y Rosa les hab\u00eda desafiado en su \u00faltimo art\u00edculo:<\/p>\n<p align=\"justify\">\u201c\u2019El Orden reina en Berl\u00edn!\u2019 Est\u00fapidos secuaces! Vuestro \u2018Orden\u2019 est\u00e1 construido en arena. Ma\u00f1ana la revoluci\u00f3n se \u201calzar\u00e1 ella misma con un estruendo\u201d y anunciar\u00e1 con una fanfarria, para vuestro terror: \u00a1YO FUI, YO SOY, YO SER\u00c9!\u201d<\/p>\n<p align=\"justify\">La empujaron y golpearon. Rosa se levant\u00f3. Para entonces casi hab\u00edan alcanzado la puerta trasera del hotel. Fuera esperaba un coche lleno de soldados, quienes, seg\u00fan le hab\u00edan comunicado, la conducir\u00edan a la prisi\u00f3n. Pero uno de los soldados se fue hacia ella levantando su arma y le golpe\u00f3 en la cabeza con la culata. Ella cay\u00f3 al suelo. El soldado le propin\u00f3 un segundo golpe en la sien. El hombre se llamaba Runge. El rostro de Rosa Luxemburgo chorreaba sangre. Runge obedec\u00eda \u00f3rdenes cuando golpe\u00f3 a Rosa Luxemburgo. Poco antes \u00e9l hab\u00eda derribado a Karl Liebknecht con la culata de su fusil. Tambi\u00e9n a \u00e9l le hab\u00edan arrastrado por el vest\u00edbulo del Hotel Eden.<\/p>\n<p align=\"justify\">Los soldados levantaron el cuerpo de Rosa. La sangre brotaba de su boca y nariz. La llevaron al veh\u00edculo. Sentaron a Rosa entre los dos soldados en el asiento de atr\u00e1s. Hac\u00eda poco que el coche hab\u00eda arrancado cuando le dispararon un tiro a quemarropa. Se pudo escuchar en el hotel.<\/p>\n<p align=\"justify\">La noche del 15 de enero de 1919 los hombres del cuerpo de asalto asesinaron a Rosa Luxemburgo. Arrojaron su cad\u00e1ver desde un puente al canal. Al d\u00eda siguiente todo Berl\u00edn sab\u00eda ya que la mujer que en los \u00faltimos veinte a\u00f1os hab\u00eda desafiado a todos los poderosos y que hab\u00eda cautivado a los asistentes de innumerables asambleas, estaba muerta. Mientras se buscaba su cad\u00e1ver, un Bertold Brecht de 21 a\u00f1os escrib\u00eda:<\/p>\n<ul>\n<li>La Rosa roja ahora tambi\u00e9n ha desaparecido.\n<li>D\u00f3nde se encuentra es desconocido.\n<li>Porque ella a los pobres la verdad ha dicho.\n<li>Los ricos del mundo la han extinguido.\n<\/ul>\n<p align=\"justify\">Pocos meses despu\u00e9s, el 31 de mayo, se encontr\u00f3 el cuerpo de una mujer junto a una esclusa del canal. Se pod\u00eda reconocer los guantes de Rosa Luxemburgo, parte de su vestido, un pendiente de oro. Pero la cara era irreconocible, ya que el cuerpo hac\u00eda tiempo que estaba podrido. Fue identificada y se le enterr\u00f3 el 13 de junio.<\/p>\n<p align=\"justify\">En el a\u00f1o 1962, 43 a\u00f1os despu\u00e9s de su muerte, el Gobierno Federal alem\u00e1n declar\u00f3 que su asesinato hab\u00eda sido una \u201cejecuci\u00f3n acorde con la ley marcial\u201d.Hace s\u00f3lo doce a\u00f1os que una investigaci\u00f3n oficial concluy\u00f3 que las tropas de asalto, que hab\u00edan recibido \u00f3rdenes y dinero de los gobernantes socialdem\u00f3cratas, fueron los autores materiales de su muerte y la de Karl Liebknecht. Rosa Luxemburgo fue asesinada por las tropas de asalto al servicio de la socialdemocracia. Junto a ella muri\u00f3 su camarada Karl Liebknecht. Hab\u00eda nacido el 5 de marzo de 1871. Mucha gente sigue la tradici\u00f3n de la Alemania oriental de asistir a la manifestaci\u00f3n para recordarla, su respeto lo demuestran depositando claveles rojos en el monumento dedicado a la \u00abRosa Roja\u00bb y a los socialistas y comunistas que trabajaron por un mundo mejor.\u201dQu\u00e9 extraordinario es el tiempo que vivimos\u201d, escrib\u00eda Rosa Luxemburgo en 1906. <\/p>\n<p align=\"justify\">\u201cExtraordinario tiempo que propone problemas enormes y espolea el pensamiento, que suscita la cr\u00edtica, la iron\u00eda y la profundidad, que estimula las pasiones y, ante todo, un tiempo fruct\u00edfero, pre\u00f1ado\u201d. Rosa Luxemburgo vivi\u00f3 y muri\u00f3 en un tiempo de transici\u00f3n, como el nuestro, en el que un mundo viejo se hund\u00eda y otro surg\u00eda de los escombros de la guerra.<\/p>\n<p align=\"justify\">Sus compa\u00f1eros intentaron construir el socialismo, sus asesinos y enemigos ayudaron a Adolf Hitler a subir al poder. Hoy, cuando el capitalismo demuestra una vez m\u00e1s que la guerra no es un accidente, sino una parte irrenunciable de su estrategia. Cuando los partidos y organizaciones \u201ctradicionales\u201d se ven en la obligaci\u00f3n de cuestionar sus formas de actuar ante el abandono de las masas. Cuando la izquierda transformadora aboga exclusivamente por el parlamentarismo como v\u00eda para el cambio social. Cuando nos encontramos ante una enorme crisis del modelo de democracia representativa y los argumentos pol\u00edticos se reducen al \u201cvoto \u00fatil\u201d. Hoy, decimos, Rosa Luxemburgo se convierte en referente indispensable en los grandes debates de la izquierda. No es sino su voz la que se escucha bajo el lema, aparentemente novedoso: \u201cOtro mundo es posible\u201d. Ella lo formul\u00f3 con un poco m\u00e1s de urgencia: \u201cSocialismo o barbarie\u201d. Su pensamiento, su compromiso y su desbordante humanidad nos sirven de referencia en nuestra lucha para que este nuevo siglo no sea tambi\u00e9n el de la barbarie.\u201d<\/p>\n","protected":false},"excerpt":{"rendered":"<p>Hace 97 a\u00f1os, la noche del 15 de enero de 1919, en Berl\u00edn, fue detenida Rosa Luxemburgo: una mujer indefensa con cabellos grises, demacrada y exhausta. Una mujer mayor, que aparentaba mucho m\u00e1s de los 48 a\u00f1os que ten\u00eda.<\/p>\n","protected":false},"author":1,"featured_media":0,"comment_status":"open","ping_status":"open","sticky":false,"template":"","format":"standard","meta":{"footnotes":""},"categories":[13,6],"tags":[],"class_list":["post-14404","post","type-post","status-publish","format-standard","hentry","category-revista-de-prensa","category-sociedad","sent_by-nati-camacho"],"_links":{"self":[{"href":"https:\/\/www.prospereando.es\/index.php\/wp-json\/wp\/v2\/posts\/14404","targetHints":{"allow":["GET"]}}],"collection":[{"href":"https:\/\/www.prospereando.es\/index.php\/wp-json\/wp\/v2\/posts"}],"about":[{"href":"https:\/\/www.prospereando.es\/index.php\/wp-json\/wp\/v2\/types\/post"}],"author":[{"embeddable":true,"href":"https:\/\/www.prospereando.es\/index.php\/wp-json\/wp\/v2\/users\/1"}],"replies":[{"embeddable":true,"href":"https:\/\/www.prospereando.es\/index.php\/wp-json\/wp\/v2\/comments?post=14404"}],"version-history":[{"count":2,"href":"https:\/\/www.prospereando.es\/index.php\/wp-json\/wp\/v2\/posts\/14404\/revisions"}],"predecessor-version":[{"id":14406,"href":"https:\/\/www.prospereando.es\/index.php\/wp-json\/wp\/v2\/posts\/14404\/revisions\/14406"}],"wp:attachment":[{"href":"https:\/\/www.prospereando.es\/index.php\/wp-json\/wp\/v2\/media?parent=14404"}],"wp:term":[{"taxonomy":"category","embeddable":true,"href":"https:\/\/www.prospereando.es\/index.php\/wp-json\/wp\/v2\/categories?post=14404"},{"taxonomy":"post_tag","embeddable":true,"href":"https:\/\/www.prospereando.es\/index.php\/wp-json\/wp\/v2\/tags?post=14404"}],"curies":[{"name":"wp","href":"https:\/\/api.w.org\/{rel}","templated":true}]}}