{"id":14267,"date":"2020-12-28T19:26:20","date_gmt":"2020-12-28T18:26:20","guid":{"rendered":"http:\/\/www.prospereando.es\/?p=14267"},"modified":"2020-12-28T19:27:29","modified_gmt":"2020-12-28T18:27:29","slug":"ignorantoteca","status":"publish","type":"post","link":"https:\/\/www.prospereando.es\/index.php\/2020\/12\/28\/ignorantoteca\/","title":{"rendered":"Ignorantoteca"},"content":{"rendered":"<p align=\"justify\"><img loading=\"lazy\" decoding=\"async\" class=\" wp-image-14268 aligncenter\" src=\"http:\/\/www.prospereando.es\/wp-content\/uploads\/2020\/12\/churreria3-300x216.jpg\" alt=\"\" width=\"572\" height=\"412\" srcset=\"https:\/\/www.prospereando.es\/wp-content\/uploads\/2020\/12\/churreria3-300x216.jpg 300w, https:\/\/www.prospereando.es\/wp-content\/uploads\/2020\/12\/churreria3.jpg 600w\" sizes=\"auto, (max-width: 572px) 100vw, 572px\" \/><\/p>\n<p align=\"justify\">Esto de la Ignorantoteca, que escrib\u00ed a mediados de mes, ha tra\u00eddo cola. Quiero dejar claro que fue mi hermana la que empez\u00f3 hablando de ella para gastarme un broma. Me pidi\u00f3 que me uniera a su grupo de amigos para poner en marcha una web o cosa por el estilo, una p\u00e1gina que llevara ese nombre: Ignorantoteca.<\/p>\n<p align=\"justify\">Se me ocurri\u00f3 escribir sobre ello en este peri\u00f3dico y ha resultado ser una plataforma de lanzamiento de esta idea.<\/p>\n<p align=\"justify\">He recibido correos y guasaps de muchas amigas d\u00e1ndome \u00e1nimos e ideas para llevarlo a cabo (la mayor\u00eda no sabe que hace poco me enter\u00e9 de que inform\u00e1tica se escrib\u00eda sin \u201ch\u201d).<\/p>\n<p align=\"justify\">Un correo de mi amiga qu\u00edmica me explicaba y pon\u00eda de relieve que para neutralizar a una sustancia \u00e1cida hay que unirla a un elemento base. Es lo mismo-me dijo- que tiene por funci\u00f3n el ayuntamiento, la neutralizaci\u00f3n de la acci\u00f3n de participaci\u00f3n ciudadana. Se ha creado una Unidad de Participaci\u00f3n Ciudadana, sin ciudadanos que molesten, que incluye la de transparencia en diferido. Todo un logro.<\/p>\n<p align=\"justify\">Ten\u00eda raz\u00f3n mi amiga, la cosa era ponerse en marcha y yo no s\u00e9 ni papajota del asunto de las webs, tengo la capacidad gen\u00e9tica de crear problemas inform\u00e1ticos y no de solventarlos.<\/p>\n<p align=\"justify\">Otra amiga dedicada en cuerpo y alma, durante muchos a\u00f1os, a curar los males de la azotea humana, me llam\u00f3 para decirme que la puesta en marcha de esa p\u00e1gina era necesaria para que los vecinos no termin\u00e1ramos amuermados, es decir acarajotados, sin \u00e1nimo e ilusi\u00f3n por hacer ciudad. La entend\u00ed a pesar de que ni el diagn\u00f3stico ni el tratamiento fueran comprendidos por m\u00ed, in\u00fatil ser tecnol\u00f3gico.<\/p>\n<p align=\"justify\">Los ciudadanos amuermados son f\u00e1ciles de manejar por los soci\u00f3patas, me expuso vehementemente, no tienen ilusiones, no es que sean ilusos, pero van camino de ello y los que tienen el coco fundido en la pol\u00edtica van tomando posiciones y en cualquier momento pueden liarla parda.<\/p>\n<p align=\"justify\">No le pod\u00eda quitar la raz\u00f3n, es cierto que estos del desgobierno (no hablo de los bolivarianos comunistas, trotskistas, lo digo por los que aman la patria hasta el punto de tener las cuentas corrientes fuera de ella para no agobiarla), gustan de crear des\u00e1nimo seg\u00fan t\u00e1cticas Goebbels, como: En la guerra no existe la victoria, sino distintos grados de derrota o una mentira repetida mil veces se convierte en una realidad.<\/p>\n<p align=\"justify\">Algunos amuermados se dejan convencer primero y vencer despu\u00e9s. Ten\u00eda raz\u00f3n mi amiga, hab\u00eda que preparar una p\u00f3cima tecnol\u00f3gica que frenara esas peque\u00f1as derrotas a base de mil mentiras.<br \/>\nUna amiga fil\u00f3sofa y fumadora comenz\u00f3 a \u201cdarme la brasa\u201d, con una larga explicaci\u00f3n sobre \u201cLa rebeli\u00f3n de la masas\u201d, que comenzaba en las mesas: en las mesas de las cafeter\u00edas como Galaxia, en los ambig\u00fas y mesas de despachos, bancarios o no. Debo decir que me convenci\u00f3 e incendi\u00f3 mi esp\u00edritu y debilit\u00f3 mis expectativas de llegar a saber alguna vez quien era yo y cuales eran mis circunstancias (pero eso es otra historia, tal vez otra histeria de las m\u00edas).<\/p>\n<p align=\"justify\">Una compa\u00f1era de la Mesa de Cultura de los Foros Locales de Participaci\u00f3n Ciudadana, pidi\u00f3 que se pidiera formalmente la creaci\u00f3n, desde la Junta municipal, de una Unidad administrativa para potenciar la desinformaci\u00f3n reglada y la cultura dormida: S\u00ed -expuso convulsa-, cualquier propuesta cultural hay que sabotearla con medidas contundentes que la desestabilicen y deshabit\u00faen a los vecinos del distrito.<\/p>\n<p align=\"justify\">Todo aquello me pareci\u00f3 tan peligroso como un concejal con ideales y antorcha. El hecho de aplicar una idea surgida de una broma para acumular acciones iletradas en todo el distrito o en toda una ciudad, se estaba escapando y dando origen a cuestiones un tanto maquiav\u00e9licas. Tambi\u00e9n es cierto que no hac\u00eda falta de mucha imaginaci\u00f3n para llegar al absurdo total. Ten\u00eda sudores de p\u00e1nico entre pesadilla y pesadilla, me desconcertaba completamente la situaci\u00f3n creada por un art\u00edculo.<\/p>\n<p align=\"justify\">Una ma\u00f1ana me vino a ver, a la hora del desayuno, Marichu, una amiga jurista y entre churro y churro, me ley\u00f3 unos art\u00edculos de la \u00faltima Constituci\u00f3n de Espa\u00f1a, la que est\u00e1 en vigor y nadie usa, salvo para hablar de ella antes de rasgarse las vestiduras, luego quiso parafrasear a nuestro Ilustre P\u00e9rez Reverte, mientras me robaba un churro y lo mojaba en mi taza: Los pol\u00edticos del ayuntamiento y la CM, tras tantos a\u00f1os de cultura iletrada, nos han quitado la cultura y hasta la necesidad de quererla proteger para nuestros hijos.<br \/>\nEn el fondo Marichu, dec\u00eda lo mismo que me hab\u00edan estado diciendo otras buenas amigas: llegar\u00e1 un momento que la cultura no estar\u00e1 ni se la esperar\u00e1.<\/p>\n<p align=\"justify\">Sigui\u00f3 rob\u00e1ndome los churros mientras me explicaba acuerdos de otro tipo:<\/p>\n<p align=\"justify\">-Mira, en Pamplona aprend\u00ed a jugar al mus. A los que no jugaban y pretend\u00edan interrumpir la partida se les dec\u00eda: \u201cLos mirones en silencio, solo convidan a las rondas y dan tabaco\u201d, y esto es lo mismo, aqu\u00ed hay una partida entre pol\u00edticos y sus pol\u00edticas y los ciudadanos deben considerarse invitados que, en lugar de dar tabaco, pagan los impuestos, pero nunca deben interrumpir a los jugatainas. Es vuestro error, pensar que alguien os invit\u00f3 a jugar, sobr\u00e1is todos y lo \u00fanico que hac\u00e9is es interrumpirles su partida.<\/p>\n<p align=\"justify\">-Pero Maite, la cultura\u2026<\/p>\n<p align=\"justify\">-La cultura y la educaci\u00f3n son en el mus el juego a chicas y a nadie le interesa.<\/p>\n<p align=\"justify\">-\u00bfY a grande?<\/p>\n<p align=\"justify\">-\u00a1Qu\u00e9 pregunta! El urbanismo.<\/p>\n<p align=\"justify\">-Y los que queremos entrar en el juego, \u00bfqu\u00e9 hacemos?<\/p>\n<p align=\"justify\">-Nada, ten\u00e9is la opci\u00f3n de iros a jugar a otra mesa. Los ciudadanos tenemos que organizarnos lo m\u00e1s lejos posible de los pol\u00edticos, y cuando alg\u00fan pol\u00edtico quiera entrar en vuestro juego, hacedle ver que all\u00ed no pinta nada.<\/p>\n<p align=\"justify\">-Lo dices por\u2026<\/p>\n<p align=\"justify\">-S\u00ed, lo digo por aquellos Vocales Vecinos, que son parte de la propuesta que puede presentar una Mesa del Foro al Pleno distrital, como la de Cultura y luego votan en contra porque as\u00ed lo marca el partido. Es como tener un quintacolumnista en la Mesa.<\/p>\n<p align=\"justify\">-El perro del hortelano.<\/p>\n<p align=\"justify\">-Mismamente. Por eso hay que jugar aparte y la Ignorantoteca puede daros mucho juego\u2026<\/p>\n<p align=\"justify\">Me dej\u00f3 planchado, no sab\u00eda como salir a flote de esto. Necesitaba ayuda\u2026 No, necesitamos ayuda todos los vecinos. A ver como nos las arreglamos ahora que la FRAV, ha sido considerada asociaci\u00f3n non grata y la han privado de subvenciones. Tenemos que organizarnos\u2026 \u00bfAlguien sabe c\u00f3mo ayudarnos? Se admiten m\u00e1s ideas.<\/p>\n","protected":false},"excerpt":{"rendered":"<p>Esto de la Ignorantoteca, que escrib\u00ed a mediados de mes, ha tra\u00eddo cola. Quiero dejar claro que fue mi hermana la que empez\u00f3 hablando de ella para gastarme un broma. Me pidi\u00f3 que me uniera a su grupo de amigos para poner en marcha una web o cosa por el estilo, una p\u00e1gina que llevara ese nombre: Ignorantoteca.<\/p>\n","protected":false},"author":1,"featured_media":14268,"comment_status":"open","ping_status":"open","sticky":false,"template":"","format":"standard","meta":{"footnotes":""},"categories":[20],"tags":[],"class_list":["post-14267","post","type-post","status-publish","format-standard","has-post-thumbnail","hentry","category-opinion","sent_by-emilio-meseguer-enderiz"],"_links":{"self":[{"href":"https:\/\/www.prospereando.es\/index.php\/wp-json\/wp\/v2\/posts\/14267","targetHints":{"allow":["GET"]}}],"collection":[{"href":"https:\/\/www.prospereando.es\/index.php\/wp-json\/wp\/v2\/posts"}],"about":[{"href":"https:\/\/www.prospereando.es\/index.php\/wp-json\/wp\/v2\/types\/post"}],"author":[{"embeddable":true,"href":"https:\/\/www.prospereando.es\/index.php\/wp-json\/wp\/v2\/users\/1"}],"replies":[{"embeddable":true,"href":"https:\/\/www.prospereando.es\/index.php\/wp-json\/wp\/v2\/comments?post=14267"}],"version-history":[{"count":2,"href":"https:\/\/www.prospereando.es\/index.php\/wp-json\/wp\/v2\/posts\/14267\/revisions"}],"predecessor-version":[{"id":14270,"href":"https:\/\/www.prospereando.es\/index.php\/wp-json\/wp\/v2\/posts\/14267\/revisions\/14270"}],"wp:featuredmedia":[{"embeddable":true,"href":"https:\/\/www.prospereando.es\/index.php\/wp-json\/wp\/v2\/media\/14268"}],"wp:attachment":[{"href":"https:\/\/www.prospereando.es\/index.php\/wp-json\/wp\/v2\/media?parent=14267"}],"wp:term":[{"taxonomy":"category","embeddable":true,"href":"https:\/\/www.prospereando.es\/index.php\/wp-json\/wp\/v2\/categories?post=14267"},{"taxonomy":"post_tag","embeddable":true,"href":"https:\/\/www.prospereando.es\/index.php\/wp-json\/wp\/v2\/tags?post=14267"}],"curies":[{"name":"wp","href":"https:\/\/api.w.org\/{rel}","templated":true}]}}