{"id":14263,"date":"2020-12-28T19:11:07","date_gmt":"2020-12-28T18:11:07","guid":{"rendered":"http:\/\/www.prospereando.es\/?p=14263"},"modified":"2020-12-28T19:12:51","modified_gmt":"2020-12-28T18:12:51","slug":"2021-podemos-esperar-un-debate-politico-serio","status":"publish","type":"post","link":"https:\/\/www.prospereando.es\/index.php\/2020\/12\/28\/2021-podemos-esperar-un-debate-politico-serio\/","title":{"rendered":"2021 \u00bfPodemos esperar un debate pol\u00edtico serio?"},"content":{"rendered":"<p align=\"justify\">Mas que un balance de lo que nos ha ca\u00eddo encima en 2020, parece oportuno plantearse que se puede esperar del a\u00f1o pr\u00f3ximo.<\/p>\n<p align=\"justify\">Es necesario hacer esfuerzos por entender que esta pasando, porque solo si se es capaz de pensar y entender los problemas que hay delante se podr\u00e1 plantear colectivamente soluciones que permitan cambios de valores y costumbres, y la creaci\u00f3n de oportunidades, para abordar transformaciones sociales que no solo ayuden a capear el corto plazo, sino que permitan cambiar la deriva que nos arrastra hacia males aun mayores a medio y largo plazo.<\/p>\n<p align=\"justify\">Desde hace d\u00e9cadas arrastramos una crisis <em>sist\u00e9mica<\/em> acelerada por las pol\u00edticas neoliberales, que acent\u00faan la explotaci\u00f3n, desigualdad, deterioro de los servicios de bienestar e insostenibilidad. Especialmente desde la crisis de 2008, que sigue sin resolverse, se hab\u00eda llegado a 2019 con mayor injusticia social e insostenibilidad, y, aun peor, con una progresiva desconfianza en el sistema pol\u00edtico; algo que con la pandemia se ha sentido de forma mas cruda. En 2021 y a\u00f1os siguientes nos atenazar\u00e1 la deuda, publica y privada, continuaran la precariedad, el paro, la escasez de demanda&#8230; una crisis econ\u00f3mica que salvo transformaciones significativas en el enfoque de econom\u00eda pol\u00edtica, pagar\u00e1n los de siempre y que a medio plazo afectara a la sociedad y la naturaleza en su conjunto.<\/p>\n<p align=\"justify\">De tel\u00f3n de fondo la crisis ecol\u00f3gica avanza, pues las pol\u00edticas nacionales y multilaterales empiezan a reconocerla pero no la abordan, por la presi\u00f3n de los poderes econ\u00f3micos que no aceptan que se priorice la habitabilidad planetaria a sus sistemas consolidados de obtenci\u00f3n de ganancias.<\/p>\n<p align=\"justify\">Todo ello se refleja ferozmente en la vida cotidiana de la ciudadan\u00eda, a trav\u00e9s de una crisis urbana con abandono de lo rural, falta de empleo, pobreza de cada vez mas amplios sectores, falta de vivienda asequible, degradaci\u00f3n de servicios p\u00fablicos y del medio ambiente&#8230; que incluir\u00e1n, si seguimos as\u00ed, nuevas pandemias descontroladas, cambio clim\u00e1tico y otras calamidades, provocadas por la forma de civilizaci\u00f3n que venimos consolidando. Estamos en la sociedad del riesgo, como la describi\u00f3 U. Beck hace treinta a\u00f1os.<\/p>\n<p align=\"justify\">Pero, probablemente, en la coyuntura actual -en particular en nuestro pa\u00eds- la dimensi\u00f3n m\u00e1s alarmante que se vive es la desconfianza en el sistema pol\u00edtico, ya que toda la problem\u00e1tica a enfrentar avanza sin que parezca que hay capacidad de entender lo m\u00e1s b\u00e1sico: que est\u00e1 en nuestras manos cambiar las cosas y que se ha de hacer frente a los conflictos de poder, para que no se condicione la pol\u00edtica democr\u00e1tica priorizando la ganancia econ\u00f3mica de los menos por encima de la evoluci\u00f3n progresista del bienestar social de los mas, y de la habitabilidad planetaria para todos.<\/p>\n<p align=\"justify\">En lo que va de siglo, la desilusi\u00f3n con la pol\u00edtica ha favorecido el que algunos sectores sociales, que se consideran agraviados por la globalizaci\u00f3n, est\u00e9n adoptando posiciones populistas echando la culpa de su \u201cdescuelgue\u201d no tanto al sistema econ\u00f3mico que lo provoca sino a \u201cotros\u201d, impulsando el: sexismo, racismo, xenofobia, aporofobia&#8230; de acuerdo con ideolog\u00edas ultra, que se basan en un individualismo ego\u00edsta, que desprecia lo com\u00fan, lo colectivo y a la personas desfavorecidas,<\/p>\n<p align=\"justify\">En esta legislatura, en Espa\u00f1a, la derecha pol\u00edtica siguiendo el af\u00e1n de otros pa\u00edses europeos y USA, ha exacerbado la utilizaci\u00f3n de t\u00e1cticas populistas y, para desbancar a un gobierno que intenta desarrollar pol\u00edticas de centro-izquierda, ha tratado de deslegitimar su origen democr\u00e1tico y crispar el debate publico, mediante bulos y esl\u00f3ganes publicitarios, siguiendo las t\u00e1cticas populistas lanzadas por Bannon y Trump pensadas para actuar como <em>influencers<\/em> soslayando una democracia deliberativa.<\/p>\n<p align=\"justify\">Con la ca\u00edda de Trump de la Casan Blanca, se puede esperar una reducci\u00f3n de la efectividad de las t\u00e1cticas populistas, pero no su desaparici\u00f3n que parece estar anclada en VOX y sectores del Partido Popular.<\/p>\n<p align=\"justify\">Ante una etapa de cierta estabilidad del gobierno de coalici\u00f3n, tras la aprobaci\u00f3n de los presupuestos generales, y seg\u00fan sean los resultados de las elecciones catalanas en febrero, es posible que la pol\u00edtica espa\u00f1ola pueda retomar debates argumentados, sobre temas importantes de gobernaci\u00f3n, identidades territoriales, leyes importantes incluidas en el programa de gobierno y pol\u00edticas econ\u00f3micas para el plan de recuperaci\u00f3n. Algo que brilla por su ausencia, ya que la oposici\u00f3n de derechas no acepta, hasta ahora, el \u201cderecho a existir\u201d del gobierno de coalici\u00f3n.<\/p>\n<p align=\"justify\">Quiz\u00e1s lo mejor de la pol\u00edtica durante la pandemia ha sido la comprobaci\u00f3n de que la sociedad civil ha practicado la solidaridad y los cuidados, que defiende lo com\u00fan (como la sanidad, la educaci\u00f3n, el transporte publico o los servicios de proximidad). La salida de la crisis debe valorar lo local, la cooperaci\u00f3n, la coordinaci\u00f3n y el apoyo mutuo; y el refuerzo de las instituciones: unas que est\u00e1n resultando insuficientes o inadecuadas por falta de medios y otras que est\u00e1n bajo sospecha por falta de confianza y de mandatos claros.<\/p>\n<p align=\"justify\">Si en 2021 no se recupera la practica de que el debate pol\u00edtico se base en argumentaci\u00f3n, valores y racionalidad, apenas seremos capaces acometer acciones que enfrenten de forma democr\u00e1tica y eficaz, las crisis social, econ\u00f3mica y ecol\u00f3gica. Hay que hacer valer que la pol\u00edtica supone pensar y decidir en com\u00fan sobre nuestra vida colectiva, para eso debe servir la democracia.<\/p>\n<p align=\"justify\">Esto es lo que se debe esperar de 2021 para, desde ah\u00ed, poder abordar lo dem\u00e1s.<\/p>\n","protected":false},"excerpt":{"rendered":"<p>Mas que un balance de lo que nos ha ca\u00eddo encima en 2020, parece oportuno plantearse que se puede esperar del a\u00f1o pr\u00f3ximo. Es necesario hacer esfuerzos por entender que esta pasando, porque solo si se es capaz de pensar y entender los problemas que hay delante se podr\u00e1 plantear colectivamente soluciones que permitan cambios de valores y costumbres, y la creaci\u00f3n de oportunidades, para abordar transformaciones sociales que no solo ayuden a capear el corto plazo, sino que permitan cambiar la deriva que nos arrastra hacia males aun mayores &hellip; <\/p>\n","protected":false},"author":1,"featured_media":0,"comment_status":"open","ping_status":"open","sticky":false,"template":"","format":"standard","meta":{"footnotes":""},"categories":[22],"tags":[],"class_list":["post-14263","post","type-post","status-publish","format-standard","hentry","category-editorial"],"_links":{"self":[{"href":"https:\/\/www.prospereando.es\/index.php\/wp-json\/wp\/v2\/posts\/14263","targetHints":{"allow":["GET"]}}],"collection":[{"href":"https:\/\/www.prospereando.es\/index.php\/wp-json\/wp\/v2\/posts"}],"about":[{"href":"https:\/\/www.prospereando.es\/index.php\/wp-json\/wp\/v2\/types\/post"}],"author":[{"embeddable":true,"href":"https:\/\/www.prospereando.es\/index.php\/wp-json\/wp\/v2\/users\/1"}],"replies":[{"embeddable":true,"href":"https:\/\/www.prospereando.es\/index.php\/wp-json\/wp\/v2\/comments?post=14263"}],"version-history":[{"count":3,"href":"https:\/\/www.prospereando.es\/index.php\/wp-json\/wp\/v2\/posts\/14263\/revisions"}],"predecessor-version":[{"id":14266,"href":"https:\/\/www.prospereando.es\/index.php\/wp-json\/wp\/v2\/posts\/14263\/revisions\/14266"}],"wp:attachment":[{"href":"https:\/\/www.prospereando.es\/index.php\/wp-json\/wp\/v2\/media?parent=14263"}],"wp:term":[{"taxonomy":"category","embeddable":true,"href":"https:\/\/www.prospereando.es\/index.php\/wp-json\/wp\/v2\/categories?post=14263"},{"taxonomy":"post_tag","embeddable":true,"href":"https:\/\/www.prospereando.es\/index.php\/wp-json\/wp\/v2\/tags?post=14263"}],"curies":[{"name":"wp","href":"https:\/\/api.w.org\/{rel}","templated":true}]}}