{"id":13753,"date":"2020-10-14T23:19:37","date_gmt":"2020-10-14T21:19:37","guid":{"rendered":"http:\/\/www.prospereando.es\/?p=13753"},"modified":"2020-10-14T23:19:37","modified_gmt":"2020-10-14T21:19:37","slug":"oxfam-intermon-advierte-la-pobreza-en-espana-podria-aumentar-en-11-millones-de-personas-por-el-coronavirus","status":"publish","type":"post","link":"https:\/\/www.prospereando.es\/index.php\/2020\/10\/14\/oxfam-intermon-advierte-la-pobreza-en-espana-podria-aumentar-en-11-millones-de-personas-por-el-coronavirus\/","title":{"rendered":"Oxfam Interm\u00f3n advierte: la pobreza en Espa\u00f1a podr\u00eda aumentar en 1,1 millones de personas por el coronavirus"},"content":{"rendered":"<p align=\"justify\">Oxfam Interm\u00f3n ha lanzado una dura advertencia. Si no se toman medidas, como blindar la sanidad y la protecci\u00f3n social, la pobreza podr\u00eda aumentar en Espa\u00f1a en m\u00e1s de 1,1 millones de personas por el impacto de la pandemia de coronavirus. De esta manera, la cifra de personas en situaci\u00f3n de pobreza alcanzar\u00eda los 10,9 millones.<\/p>\n<p align=\"justify\">En su informe &#8216;Despu\u00e9s ser\u00e1 demasiado tarde&#8217;, dado a conocer este mi\u00e9rcoles con motivo de la conmemoraci\u00f3n de la Semana para la Erradicaci\u00f3n de la pobreza, la organizaci\u00f3n insiste en la necesidad de prestar atenci\u00f3n a las personas m\u00e1s vulnerables tanto dentro como fuera de Espa\u00f1a.<\/p>\n<p align=\"justify\">Adem\u00e1s, solicitan medidas para blindar la educaci\u00f3n, la sanidad y la protecci\u00f3n social, sobre todo ampliando el Ingreso M\u00ednimo Vital. \u00abLa organizaci\u00f3n considera imprescindible que los Presupuestos Generales del Estado presten atenci\u00f3n a las personas m\u00e1s vulnerables, las que peor lo est\u00e1n pasando, y paliar los efectos de la crisis socioecon\u00f3mica, tanto dentro como fuera de nuestras fronteras, para que nadie quede atr\u00e1s, es urgente\u00bb, sostienen.<\/p>\n<p align=\"justify\">Consideran que as\u00ed se evitar\u00eda que las consecuencias de la pandemia lleven a situaci\u00f3n de pobreza hasta a 10,9 millones de personas, pasando del 20,7% de la poblaci\u00f3n espa\u00f1ola anterior al COVID-19 al 23,07%.<\/p>\n<p align=\"justify\">En el \u00e1mbito internacional la organizaci\u00f3n destaca que, por primera vez en 20 a\u00f1os, crecer\u00e1 la pobreza extrema y hasta cerca de 115 millones de personas m\u00e1s podr\u00edan sufrirla este a\u00f1o, seg\u00fan datos del Banco Mundial. \u00abEstas cifras demuestran que miles de millones de personas han sido m\u00e1s vulnerables a los impactos econ\u00f3micos del coronavirus debido a d\u00e9cadas de pol\u00edticas econ\u00f3micas que las han sumido en la pobreza, mientras que los m\u00e1s ricos han acumulado cada vez m\u00e1s riqueza\u201d, sentencian.<\/p>\n<p align=\"justify\">Radio Enlace 107.5 Fm<\/p>\n<p align=\"justify\">radioenlacemadrid@gmail.com<\/p>\n<p align=\"justify\">https:\/\/radioenlace.org.es\/<\/p>\n","protected":false},"excerpt":{"rendered":"<p>Oxfam Interm\u00f3n ha lanzado una dura advertencia. Si no se toman medidas, como blindar la sanidad y la protecci\u00f3n social, la pobreza podr\u00eda aumentar en Espa\u00f1a en m\u00e1s de 1,1 millones de personas por el impacto de la pandemia de coronavirus.<\/p>\n","protected":false},"author":1,"featured_media":0,"comment_status":"open","ping_status":"open","sticky":false,"template":"","format":"standard","meta":{"footnotes":""},"categories":[16],"tags":[],"class_list":["post-13753","post","type-post","status-publish","format-standard","hentry","category-derechos-humanos","sent_by-radio-enlace"],"_links":{"self":[{"href":"https:\/\/www.prospereando.es\/index.php\/wp-json\/wp\/v2\/posts\/13753","targetHints":{"allow":["GET"]}}],"collection":[{"href":"https:\/\/www.prospereando.es\/index.php\/wp-json\/wp\/v2\/posts"}],"about":[{"href":"https:\/\/www.prospereando.es\/index.php\/wp-json\/wp\/v2\/types\/post"}],"author":[{"embeddable":true,"href":"https:\/\/www.prospereando.es\/index.php\/wp-json\/wp\/v2\/users\/1"}],"replies":[{"embeddable":true,"href":"https:\/\/www.prospereando.es\/index.php\/wp-json\/wp\/v2\/comments?post=13753"}],"version-history":[{"count":1,"href":"https:\/\/www.prospereando.es\/index.php\/wp-json\/wp\/v2\/posts\/13753\/revisions"}],"predecessor-version":[{"id":13754,"href":"https:\/\/www.prospereando.es\/index.php\/wp-json\/wp\/v2\/posts\/13753\/revisions\/13754"}],"wp:attachment":[{"href":"https:\/\/www.prospereando.es\/index.php\/wp-json\/wp\/v2\/media?parent=13753"}],"wp:term":[{"taxonomy":"category","embeddable":true,"href":"https:\/\/www.prospereando.es\/index.php\/wp-json\/wp\/v2\/categories?post=13753"},{"taxonomy":"post_tag","embeddable":true,"href":"https:\/\/www.prospereando.es\/index.php\/wp-json\/wp\/v2\/tags?post=13753"}],"curies":[{"name":"wp","href":"https:\/\/api.w.org\/{rel}","templated":true}]}}