{"id":13691,"date":"2020-10-02T23:13:16","date_gmt":"2020-10-02T21:13:16","guid":{"rendered":"http:\/\/www.prospereando.es\/?p=13691"},"modified":"2020-10-02T23:14:34","modified_gmt":"2020-10-02T21:14:34","slug":"en-la-churreria","status":"publish","type":"post","link":"https:\/\/www.prospereando.es\/index.php\/2020\/10\/02\/en-la-churreria\/","title":{"rendered":"En la churrer\u00eda"},"content":{"rendered":"<p align=\"justify\"><img loading=\"lazy\" decoding=\"async\" class=\" wp-image-13693 aligncenter\" src=\"http:\/\/www.prospereando.es\/wp-content\/uploads\/2020\/10\/misionespedagogicas1-300x162.jpg\" alt=\"\" width=\"597\" height=\"322\" srcset=\"https:\/\/www.prospereando.es\/wp-content\/uploads\/2020\/10\/misionespedagogicas1-300x162.jpg 300w, https:\/\/www.prospereando.es\/wp-content\/uploads\/2020\/10\/misionespedagogicas1.jpg 600w\" sizes=\"auto, (max-width: 597px) 100vw, 597px\" \/><\/p>\n<p align=\"justify\">Hoy he llegado a la churrer\u00eda y no hab\u00eda nadie conocido, he decidido sacar el caf\u00e9 y los churros a la mesa alta que hay en la puerta, al aire libre, y dejar que el oto\u00f1o se adentre en mis sentidos.<\/p>\n<p align=\"justify\">Como me suele ocurrir siempre por estas fechas, el pensamiento de los chavales que pierden el horario an\u00e1rquico del verano para volver a las aulas y lo que ello conlleva, el aprendizaje, me hace pensar en lo que hoy nos ocurre a todos y me retrotrae al pasado, de la mochila saco un ejemplar de Revista de Occidente de 1981, la ojeo y llego a un art\u00edculo escrito por un misionero, padre de un antiguo compa\u00f1ero de trabajo en una mutua de accidentes laborales \u201cLa Previsi\u00f3n\u201d, el trabajo es del escritor Enrique Azcoaga. En \u00e9l relata su labor en las Misiones Pedag\u00f3gicas, el ir y venir por los pueblos leyendo poemas y otros escritos, poniendo pel\u00edculas y discursos de grandes hombres, como Ram\u00f3n y Cajal.<\/p>\n<p align=\"justify\">La figura del hijo se antepone a la lectura; corr\u00edan los a\u00f1os 70, ol\u00edamos a ramilletes de libertad conseguida, el hijo de don Enrique, la gan\u00f3 a fuerza de perder algo importante: Pocos a\u00f1os antes la polic\u00eda, sin contemplaciones, frenaba los gritos y algaradas estudiantiles con mano dura, con \u00e9l jugaron a la pi\u00f1ata aquella ma\u00f1ana de mayo, una defensa de un \u201cgris\u201d fue a parar a los pi\u00f1os del futuro traumat\u00f3logo, y de un solo golpe, \u00a1premio!, le quit\u00f3 los dientes de arriba y de abajo, causa por la que, desde entonces, llevaba dentadura postiza. Como era amigo de chanzas, cuando alguna persona llevaba la discusi\u00f3n al punto de quebrantar el \u00e1nimo, la l\u00f3gica y la raz\u00f3n y \u00e9l consideraba que se estaba extralimitando en las formas y el verbo, se quitaba los pi\u00f1os postizos, los colocaba en el hombro y balbuceaba: \u201c a por ella, mu\u00e9rdele\u201d.<\/p>\n<p align=\"justify\">El Profesor Herranz, consigui\u00f3 sin pretenderlo, un buen equipo en la mutua, all\u00ed, tras el trabajo siempre hab\u00eda un tiempo para la charla y la reflexi\u00f3n. Muchas veces los pacientes esperaban a que se terminara el trabajo para, traer unas botellitas y unas tortillas y compartir aperitivo y bebida con el personal, abajo, en el gimnasio. Alguna vez Azcoaga hijo, habl\u00f3 de lo parecido que era ese ambiente al que le contaba su padre, don Enrique, en lo que fue su labor como voluntario misionero en las Misiones Pedag\u00f3gicas. All\u00ed, en el gimnasio de la mutua, se hablaba de libros, de pel\u00edculas, de exposiciones y de estrenos teatrales. Profesionales y pacientes, sanitarios y administrativos, trabajadores y mutualistas, compon\u00edamos un totum cultural tremendo. J\u00f3venes aprendices que hab\u00edan sufrido accidentes y se incorporaban a estos aperitivos con alma cultural, alucinaban y se integraban. Muchos a\u00f1os despu\u00e9s, algunos de esos aprendices me han reconocido en la calle y me han comentado con afecto y gratitud, lo bien que les sentaba, en plena dolencia, unos minutos en los que se pod\u00eda opinar con libertad, algunos as\u00ed aprendieron el oficio de tertuliano, de los de buen \u00e1nimo y esp\u00edritu art\u00edstico, que era el que all\u00ed reinaba los viernes de 14 a 15h. Me comentaban que algunos entraron en el gusto por el teatro y la literatura, v\u00eda accidente laboral\u2026 Qu\u00e9 rara es esta vida, \u00bfverdad?<\/p>\n<p align=\"justify\">Me pongo a leer sobre las Misiones Pedag\u00f3gicas y su labor esencial en el siglo pasado, destaco una frase de Manuel Coss\u00edo, en el que dec\u00eda que los ni\u00f1os en el colegio pod\u00edan perder la salud y no sacar nada en claro. Se refer\u00eda a los piojos y otras enfermedades de transmisi\u00f3n comunitaria, pero haciendo referencia a la mala calidad de la educaci\u00f3n reinante a principios del siglo XX. Hablaba de escuelas an\u00e9micas y ped\u00eda en sus conferencias, que se anticipasen al porvenir, creando buen profesorado: \u201cGastad, gastad, gastad en maestros\u201d<\/p>\n<p align=\"justify\">Sol\u00eda hacer referencia de la funci\u00f3n social de la escuela: higiene, misi\u00f3n moralizadora, refinamiento est\u00e9tico y animaci\u00f3n espiritual al pueblo\u2026, con poes\u00eda, realidad y estimulaci\u00f3n ciudadana.<\/p>\n<p align=\"justify\">Este ideario poco a poco toma forma y se hace realidad con las Misiones Pedag\u00f3gicas, patrocinadas por el Ministerio de Instrucci\u00f3n P\u00fablica y Bellas Artes, basado en el principio de acercamiento de la pedagog\u00eda moderna y educaci\u00f3n ciudadana al pueblo. Se cre\u00f3 este Patronato de la Misiones Pedag\u00f3gicas el 29 de mayo de 1931.<\/p>\n<p align=\"justify\">Comenzaron creando bibliotecas, dando conferencias, exposiciones de pintura, cine, lecturas, teatro\u2026 Se comenz\u00f3 a investigar las necesidades de las escuelas y de los escolares (Interesante aquello de saber lo que tienen y de lo que adolecen), mediante las semanas pedag\u00f3gicas para los maestros. (Que pena, ahora los maestros funcionan a golpe de decreto)<\/p>\n<p align=\"justify\">Leo, el Sr. Medina Bravo, en el Diccionario de la legislaci\u00f3n escolar en 1935, en las p\u00e1ginas 194-196, dice: El Patronato, en uso de su autonom\u00eda, ha organizado una serie de actividades con el fin de elevar el nivel espiritual de un pueblo: humilde y olvidado, y despertar el ansia de superaci\u00f3n, divertirle y arrancarle de la triste monoton\u00eda con destellos de ilusi\u00f3n\u2026<\/p>\n<p align=\"justify\">All\u00ed, entonces se pretend\u00eda que la cultura de la ciudad llegara al campo, a los j\u00f3venes de aldeas y villas. Pero\u2026, \u00bfaqu\u00ed y ahora, qu\u00e9 cultura entra y en d\u00f3nde?<\/p>\n<p align=\"justify\">\u00bfNecesitaremos nuevamente el esp\u00edritu de las Misiones Pedag\u00f3gicas? \u00bfHabr\u00e1 que crear el voluntariado misionero de anta\u00f1o para llevar, en un cami\u00f3n, al patio de los colegios: teatro, charlas did\u00e1cticas sobre an\u00e1lisis de texto y la imagen? \u00bfHabr\u00e1 que consultar a maestros y alumnos sobre sus necesidades, sobre lo curricular y extracurricular?<\/p>\n<p align=\"justify\">Y segu\u00ed d\u00e1ndole vueltas al asunto. La Aso, tiempo atr\u00e1s cumpl\u00eda sobradamente con esa Misi\u00f3n Pedag\u00f3gica, esencial en estos y en esos tiempos. Aunque por desgracia apenas me encontr\u00e9 en los actos convocados por ella con adolescentes que aprendieran sin darse cuenta. Pero ahora es peor, ahora, cuando el otro d\u00eda escuchaba atentamente por videoconferencia, en la Junta anual de la Aso, sobre lo que se hizo en el 2019 y lo que no se ha podido hacer ahora, en 2020, me entristec\u00ed mucho, pero enseguida vi con claridad que las misioneras y misioneros, como Enrique Azcoaga y como, en cierta forma su hijo, creo en una mutua humilde de accidentes de trabajo, ten\u00eda que seguir en pie. Hay nuevas f\u00f3rmulas tecnol\u00f3gicas y deber\u00edamos seguir con esa misi\u00f3n cultural que ha vertebrado a la Prospe desde hace d\u00e9cadas. Yo soy un ser nulo, tecnol\u00f3gicamente hablando, del resto de mis nulidades prefiero no hablar por el momento. Pero, me juego vacas contra pajaritos, a que muchas y muchos de vosotros\/as sab\u00e9is armar el nuevo tinglado para llevar el esp\u00edritu de la cultura al pueblo humilde, olvidado, semi confinado y con brotes de soledad y despertar el ansia de superaci\u00f3n y la dinamizaci\u00f3n a distintos niveles.<\/p>\n<p align=\"justify\">Record\u00e9 la \u00faltima reuni\u00f3n de las Mesas del Foro Local de Chamart\u00edn, las palabras de la vicepresidenta en la que advert\u00eda que, adem\u00e1s de no ofrecer la Junta Municipal y sus espacios culturales esos aspectos misioneros, liberalizadores del esp\u00edritu y potenciadores de la ilustraci\u00f3n, se iban a cercenar m\u00e1s nuestros derechos de participaci\u00f3n ciudadana. La Mesa de Cultura no tendr\u00eda valor alguno en esta nueva estructura municipal, lo mismo que el Consejo Municipal de Cultura, que en paz descanse. Lleg\u00f3 el erial cultural, sin contemplaciones.<\/p>\n<p align=\"justify\">\u00bfSer\u00e1 que tendremos que volver a la Misiones, en esta ocasi\u00f3n, Tecno-pedag\u00f3gicas?<\/p>\n<p align=\"justify\">Termin\u00e9 el \u00faltimo sorbo de caf\u00e9, pagu\u00e9 y regres\u00e9 a casa con la intenci\u00f3n de no guardar mis pensamientos y dej\u00e1roslos por escrito.<\/p>\n<p align=\"justify\">\u00a1\u00c1nimo y mucha suerte a los que sep\u00e1is hacernos misioneros pedag\u00f3-tecnol\u00f3gicos!<\/p>\n","protected":false},"excerpt":{"rendered":"<p>Hoy he llegado a la churrer\u00eda y no hab\u00eda nadie conocido, he decidido sacar el caf\u00e9 y los churros a la mesa alta que hay en la puerta, al aire libre, y dejar que el oto\u00f1o se adentre en mis sentidos.<\/p>\n","protected":false},"author":1,"featured_media":13693,"comment_status":"open","ping_status":"open","sticky":false,"template":"","format":"standard","meta":{"footnotes":""},"categories":[20],"tags":[],"class_list":["post-13691","post","type-post","status-publish","format-standard","has-post-thumbnail","hentry","category-opinion","sent_by-emilio-meseguer-enderiz"],"_links":{"self":[{"href":"https:\/\/www.prospereando.es\/index.php\/wp-json\/wp\/v2\/posts\/13691","targetHints":{"allow":["GET"]}}],"collection":[{"href":"https:\/\/www.prospereando.es\/index.php\/wp-json\/wp\/v2\/posts"}],"about":[{"href":"https:\/\/www.prospereando.es\/index.php\/wp-json\/wp\/v2\/types\/post"}],"author":[{"embeddable":true,"href":"https:\/\/www.prospereando.es\/index.php\/wp-json\/wp\/v2\/users\/1"}],"replies":[{"embeddable":true,"href":"https:\/\/www.prospereando.es\/index.php\/wp-json\/wp\/v2\/comments?post=13691"}],"version-history":[{"count":2,"href":"https:\/\/www.prospereando.es\/index.php\/wp-json\/wp\/v2\/posts\/13691\/revisions"}],"predecessor-version":[{"id":13695,"href":"https:\/\/www.prospereando.es\/index.php\/wp-json\/wp\/v2\/posts\/13691\/revisions\/13695"}],"wp:featuredmedia":[{"embeddable":true,"href":"https:\/\/www.prospereando.es\/index.php\/wp-json\/wp\/v2\/media\/13693"}],"wp:attachment":[{"href":"https:\/\/www.prospereando.es\/index.php\/wp-json\/wp\/v2\/media?parent=13691"}],"wp:term":[{"taxonomy":"category","embeddable":true,"href":"https:\/\/www.prospereando.es\/index.php\/wp-json\/wp\/v2\/categories?post=13691"},{"taxonomy":"post_tag","embeddable":true,"href":"https:\/\/www.prospereando.es\/index.php\/wp-json\/wp\/v2\/tags?post=13691"}],"curies":[{"name":"wp","href":"https:\/\/api.w.org\/{rel}","templated":true}]}}