{"id":13670,"date":"2020-09-30T22:59:52","date_gmt":"2020-09-30T20:59:52","guid":{"rendered":"http:\/\/www.prospereando.es\/?p=13670"},"modified":"2020-09-30T22:59:52","modified_gmt":"2020-09-30T20:59:52","slug":"hartazgo-y-rebeldia-madrilena","status":"publish","type":"post","link":"https:\/\/www.prospereando.es\/index.php\/2020\/09\/30\/hartazgo-y-rebeldia-madrilena\/","title":{"rendered":"Hartazgo y rebeld\u00eda madrile\u00f1a"},"content":{"rendered":"<p align?\"justify\">At\u00f3nitos comprobando cada d\u00eda que lo que sospech\u00e1bamos, o sab\u00edamos, no era un mal sue\u00f1o sino una realidad. Pens\u00e1bamos que al final aparecer\u00eda una cierta cordura, que tendr\u00eda en cuenta las necesidades de la poblaci\u00f3n y las recomendaciones de la ciencia, que sentir\u00edamos que hab\u00eda \u201cgobierno\u201d y que no seguir\u00edamos a la deriva&#8230; pero continuamos en manos de gente que solo piensa en si mismos y en sus am\u00edguetes y patrocinadores.<\/p>\n<p align?\"justify\">As\u00ed estamos la mayor\u00eda de los madrile\u00f1os y especialmente, en los \u00faltimos d\u00edas, los barrios populares, los mas castigados por la pandemia y por la carencia de unas pol\u00edticas adecuadas sanitarias, sociales y econ\u00f3micas, que se orienten a paliar los d\u00e9ficits del estado social tras los recortes de presupuestos p\u00fablicos padecidos durante d\u00e9cadas. Pero el ideario del gobierno de Madrid insiste en seguir bajando impuestos y en seguir recortando y privatizando servicios p\u00fablicos, y favoreciendo la especulaci\u00f3n inmobiliaria y la contrataci\u00f3n de obras de grandes infraestructuras, algunas tan in\u00fatiles como el gran hospital pandemico de Barajas.<\/p>\n<p align?\"justify\">Adem\u00e1s, tenemos que ser conscientes de que estas pol\u00edticas de la Comunidad de Madrid, no son mas que la punta de un iceberg que tenemos que descifrar y desmantelar, compuesto por una crisis sanitaria y de servicios p\u00fablicos tras d\u00e9cadas de abandono, y por una crisis econ\u00f3mica que arranca el siglo pasado y estalla en la crisis de 2008 con un constante aumento de la desigualdad y de la pobreza, y una aceleraci\u00f3n de la crisis de habitabilidad planetaria. Es decir, una crisis multifac\u00e9tica producto del enfoque hegem\u00f3nico de la pol\u00edtica neoliberal: que el Estado se administre como una empresa, siempre respetando los intereses de los grupos dominantes del mercado; el eje de la sociedad ha de ser el negocio, la obtenci\u00f3n de beneficios. Las pol\u00edticas de la UE y el estado espa\u00f1ol se han movido en este marco, y en la Comunidad de Madrid estas pol\u00edticas se han aplicado con descaro y agresividad.<\/p>\n<p align?\"justify\">Este marco pol\u00edtico est\u00e1 provocando que, para proteger las formas de hacer negocio (basadas en la explotaci\u00f3n de las personas y el perjuicio de la habitabilidad planetaria), se trate de minimizar las necesidades de actuaci\u00f3n para contener la crisis sanitaria y la pandemia, con el fin de mantener el modelo econ\u00f3mico y empresarial, a pesar de sus da\u00f1os consustanciales. Para ello se esta tratando de generar miedo al gasto social, a la recaudaci\u00f3n de fondos p\u00fablicos, y se pretenden asumir como inevitables las quiebras de los hogares, la precarizaci\u00f3n y el paro, o los desahucios. Dicen que si no mantenemos el sistema que enriquece al 1% de la poblaci\u00f3n y precariza a la mayor\u00eda, nos ira peor a todos, que hay que jugar con sus reglas, y ser sumisos.<\/p>\n<p align?\"justify\">Tratan de convencer a la opini\u00f3n publica de que la crisis sanitaria se resolver\u00e1 casi sola, sin mejorar los servicios p\u00fablicos. Igual ocurre con la actitud para no afrontar la crisis ambiental. <\/p>\n<p align?\"justify\">Meses de pandemia perdidos, sin reforzar los servicios p\u00fablicos, y ahora se plantean nuevas formas de confinamiento, precisamente en las zonas que requieren mas cuidados, que requieren refuerzos en salud, educaci\u00f3n, transporte, vivienda, empleo, atenci\u00f3n social&#8230; <\/p>\n<p align?\"justify\">\u00bfY ya est\u00e1? Parece que no. La ciudadan\u00eda da muestras de hartazgo y hay conatos de rebeld\u00eda. La actuaci\u00f3n institucional est\u00e1 zombi, las administraciones act\u00faan tarde y mal. El malestar genera preguntas y propuestas, aunque no acabe de cristalizar social y pol\u00edticamente.<\/p>\n<p align?\"justify\">El mercado a ultranza no cuida la vida personal ni de la especie, su l\u00f3gica es el beneficio y la acumulaci\u00f3n de riqueza por los mas poderosos sin mirar las consecuencias. A la vista de las crisis queda claro que es el Estado, quien tiene que coger las riendas y la sociedad quien tiene que exigir que se debata c\u00f3mo tenemos que organizar la vida, la pol\u00edtica, la producci\u00f3n, el consumo&#8230; no podemos ser sufridores masoquistas, tenemos que cuestionar qu\u00e9 vamos a hacer-<\/p>\n<p align?\"justify\">Y es desde la ciudadan\u00eda comprometida, activa, los movimientos sociales solidarios, desde donde tenemos que exigir que adem\u00e1s de las necesidades coyunturales, inmediatas, planteemos pol\u00edticas con cambios de fondo, saliendo al encuentro de los  problemas reales y enfrentarlos a la \u201drealidad\u201d que nos impone el capitalismo neoliberal, que es un callej\u00f3n sin salida. <\/p>\n","protected":false},"excerpt":{"rendered":"<p>At\u00f3nitos comprobando cada d\u00eda que lo que sospech\u00e1bamos, o sab\u00edamos, no era un mal sue\u00f1o sino una realidad.<\/p>\n","protected":false},"author":1,"featured_media":0,"comment_status":"open","ping_status":"open","sticky":false,"template":"","format":"standard","meta":{"footnotes":""},"categories":[22],"tags":[],"class_list":["post-13670","post","type-post","status-publish","format-standard","hentry","category-editorial"],"_links":{"self":[{"href":"https:\/\/www.prospereando.es\/index.php\/wp-json\/wp\/v2\/posts\/13670","targetHints":{"allow":["GET"]}}],"collection":[{"href":"https:\/\/www.prospereando.es\/index.php\/wp-json\/wp\/v2\/posts"}],"about":[{"href":"https:\/\/www.prospereando.es\/index.php\/wp-json\/wp\/v2\/types\/post"}],"author":[{"embeddable":true,"href":"https:\/\/www.prospereando.es\/index.php\/wp-json\/wp\/v2\/users\/1"}],"replies":[{"embeddable":true,"href":"https:\/\/www.prospereando.es\/index.php\/wp-json\/wp\/v2\/comments?post=13670"}],"version-history":[{"count":1,"href":"https:\/\/www.prospereando.es\/index.php\/wp-json\/wp\/v2\/posts\/13670\/revisions"}],"predecessor-version":[{"id":13671,"href":"https:\/\/www.prospereando.es\/index.php\/wp-json\/wp\/v2\/posts\/13670\/revisions\/13671"}],"wp:attachment":[{"href":"https:\/\/www.prospereando.es\/index.php\/wp-json\/wp\/v2\/media?parent=13670"}],"wp:term":[{"taxonomy":"category","embeddable":true,"href":"https:\/\/www.prospereando.es\/index.php\/wp-json\/wp\/v2\/categories?post=13670"},{"taxonomy":"post_tag","embeddable":true,"href":"https:\/\/www.prospereando.es\/index.php\/wp-json\/wp\/v2\/tags?post=13670"}],"curies":[{"name":"wp","href":"https:\/\/api.w.org\/{rel}","templated":true}]}}