{"id":13635,"date":"2020-09-24T22:45:17","date_gmt":"2020-09-24T20:45:17","guid":{"rendered":"http:\/\/www.prospereando.es\/?p=13635"},"modified":"2020-09-24T22:45:17","modified_gmt":"2020-09-24T20:45:17","slug":"mario-benedetti-1920-2009-y-la-prospe","status":"publish","type":"post","link":"https:\/\/www.prospereando.es\/index.php\/2020\/09\/24\/mario-benedetti-1920-2009-y-la-prospe\/","title":{"rendered":"Mario Benedetti  (1920-2009) y  \u201cLa Prospe\u201d"},"content":{"rendered":"<p align=\"justify\"><img loading=\"lazy\" decoding=\"async\" class=\" wp-image-13636 aligncenter\" src=\"http:\/\/www.prospereando.es\/wp-content\/uploads\/2020\/09\/jardinesbenedetti1-300x225.jpg\" alt=\"Jardines Mario Benedetti\" width=\"584\" height=\"438\" srcset=\"https:\/\/www.prospereando.es\/wp-content\/uploads\/2020\/09\/jardinesbenedetti1-300x225.jpg 300w, https:\/\/www.prospereando.es\/wp-content\/uploads\/2020\/09\/jardinesbenedetti1.jpg 600w\" sizes=\"auto, (max-width: 584px) 100vw, 584px\" \/><\/p>\n<p align=\"justify\">El 14 de septiembre Mario Benedetti, hubiera cumplido 100 a\u00f1os. Nacido en, Paso de los Toros, peque\u00f1a localidad de Uruguay, su infancia estuvo marcada por la pobreza. A los 14 a\u00f1os tuvo que dejar la escuela y empez\u00f3 a trabajar de recadero, vendedor de repuestos de coche, de casas, etc.<br \/>\nSus padres preocupados por su avidez por la lectura solo le permit\u00edan leer unas cuantas p\u00e1ginas al d\u00eda. Empez\u00f3 a escribir cuando era ni\u00f1o y sus primeros libros fueron auto ediciones, hasta que una editorial le public\u00f3 su primer libro, \u201cMontevideanos\u201d.<\/p>\n<p align=\"justify\">Autor prol\u00edfico con m\u00e1s de 80 libros, algunos traducidos a veinte idiomas, como \u201cLa tregua\u201d. Fue uno de los escritores con m\u00e1s producci\u00f3n de Am\u00e9rica Latina, escribi\u00f3 poes\u00eda, teatro, novela, haikus, relatos, ensayos, y fue corresponsal de prensa. Pero la poes\u00eda fue su verdadera pasi\u00f3n. Perteneci\u00f3 a la generaci\u00f3n del 45 de escritores uruguayos, frecuentando a Carlos Onetti e Idea Vilari\u00f1o.<\/p>\n<p align=\"justify\">En los a\u00f1os 70 desarroll\u00f3 una intensa actividad pol\u00edtica y fue cofundador del <em>Movimiento 26 de Marzo<\/em>. El golpe de Estado de Uruguay de 1973, le oblig\u00f3 a marcharse de su pa\u00eds sin su mujer, que tuvo que quedarse al cuidado de sus padres, para emprender un largo exilio de diez a\u00f1os, que le llev\u00f3 a Buenos Aires, Per\u00fa, Cuba y en 1983 a Espa\u00f1a. Primero Palma de Mallorca, para despu\u00e9s instalarse en Madrid en busca de un clima m\u00e1s adecuado para el asma que padec\u00eda. Como autor exiliado, su vida est\u00e1 dividida en tres periodos: anterior al exilio, el exilio mismo y el desexilio palabra que utilizaba para la salida forzosa de su pa\u00eds. A su regreso, doce a\u00f1os despu\u00e9s vivi\u00f3 compartiendo estancias entre Montevideo y Madrid.<\/p>\n<p align=\"justify\">Ya instalado definitivamente en su pa\u00eds, escribi\u00f3 sobre sus preocupaciones y grandes temas: las guerras, el imperialismo, las religiones, la injusticia social y el fanatismo. El 17 de mayo de 2009, fallec\u00eda en Montevideo.<\/p>\n<p align=\"justify\">La poes\u00eda de Benedetti, estuvo muy marcada por el exilio, temas como la muerte, el desarraigo, la ausencia y la soledad son muy recurrentes en su extensa producci\u00f3n literaria. Recibi\u00f3 muchos premios pero el Cervantes siempre se le escap\u00f3, opinaban que su poes\u00eda era muy \u201ccotidiana\u201d, incluso la tildaban de cursi, pero como Benedetti dec\u00eda: \u201cyo quiero aludir a los lectores no eludirlos\u201d. Fue un poeta de su tiempo, que supo conectar con la gente.<\/p>\n<p align=\"justify\">Como vecino que fue de Prosperidad, en el a\u00f1o 2010 se inauguraron los Jardines Mario Benedetti, la actual denominaci\u00f3n de la plaza situada en la confluencia de las calles Santa Rita, Ramos Carri\u00f3n y Clara del Rey. En el acto estuvo el anterior concejal del distrito de Chamart\u00edn, Mauricio Valiente. La iniciativa del nuevo nombre de la plaza fue a propuesta de la Asociaci\u00f3n Vecinal \u201cValle Incl\u00e1n de Prosperidad\u201d. El acto sirvi\u00f3 para hacer una reflexi\u00f3n sobre la condici\u00f3n de refugiado de Benedetti y culmin\u00f3 con la lectura de versos del poeta por personas de la Asociaci\u00f3n.<\/p>\n<p align=\"justify\">En la poes\u00eda de Benedetti exenta de todo artificio y barroquismo, pero aut\u00e9ntica y cercana, se encuentra siempre un poema para diferentes momentos de la vida. Ahora que la angustia cubre las horas y la nada se apodera de las existencias invito a leer, sus poema \u201cNo te rindas\u201d, palabras llenas de \u00e1nimo y aliento: \u201cNo te rindas, por favor no cedas, \/ aunque el fr\u00edo queme, aunque el miedo muerda, \/ aunque el sol se esconda y se calle el viento. \/ A\u00fan hay fuego en tu alma, a\u00fan hay vida en tus sue\u00f1os\u201d<\/p>\n","protected":false},"excerpt":{"rendered":"<p>El 14 de septiembre Mario Benedetti, hubiera cumplido 100 a\u00f1os. Nacido en, Paso de los Toros, peque\u00f1a localidad de Uruguay, su infancia estuvo marcada por la pobreza.<\/p>\n","protected":false},"author":1,"featured_media":13636,"comment_status":"open","ping_status":"open","sticky":false,"template":"","format":"standard","meta":{"footnotes":""},"categories":[26],"tags":[],"class_list":["post-13635","post","type-post","status-publish","format-standard","has-post-thumbnail","hentry","category-nuestro-barrio","sent_by-carmen-moleres"],"_links":{"self":[{"href":"https:\/\/www.prospereando.es\/index.php\/wp-json\/wp\/v2\/posts\/13635","targetHints":{"allow":["GET"]}}],"collection":[{"href":"https:\/\/www.prospereando.es\/index.php\/wp-json\/wp\/v2\/posts"}],"about":[{"href":"https:\/\/www.prospereando.es\/index.php\/wp-json\/wp\/v2\/types\/post"}],"author":[{"embeddable":true,"href":"https:\/\/www.prospereando.es\/index.php\/wp-json\/wp\/v2\/users\/1"}],"replies":[{"embeddable":true,"href":"https:\/\/www.prospereando.es\/index.php\/wp-json\/wp\/v2\/comments?post=13635"}],"version-history":[{"count":1,"href":"https:\/\/www.prospereando.es\/index.php\/wp-json\/wp\/v2\/posts\/13635\/revisions"}],"predecessor-version":[{"id":13637,"href":"https:\/\/www.prospereando.es\/index.php\/wp-json\/wp\/v2\/posts\/13635\/revisions\/13637"}],"wp:featuredmedia":[{"embeddable":true,"href":"https:\/\/www.prospereando.es\/index.php\/wp-json\/wp\/v2\/media\/13636"}],"wp:attachment":[{"href":"https:\/\/www.prospereando.es\/index.php\/wp-json\/wp\/v2\/media?parent=13635"}],"wp:term":[{"taxonomy":"category","embeddable":true,"href":"https:\/\/www.prospereando.es\/index.php\/wp-json\/wp\/v2\/categories?post=13635"},{"taxonomy":"post_tag","embeddable":true,"href":"https:\/\/www.prospereando.es\/index.php\/wp-json\/wp\/v2\/tags?post=13635"}],"curies":[{"name":"wp","href":"https:\/\/api.w.org\/{rel}","templated":true}]}}