{"id":13539,"date":"2020-09-16T22:49:08","date_gmt":"2020-09-16T20:49:08","guid":{"rendered":"http:\/\/www.prospereando.es\/?p=13539"},"modified":"2022-04-23T03:03:49","modified_gmt":"2022-04-23T01:03:49","slug":"el-horizonte-de-la-felicidad","status":"publish","type":"post","link":"https:\/\/www.prospereando.es\/index.php\/2020\/09\/16\/el-horizonte-de-la-felicidad\/","title":{"rendered":"El horizonte de la felicidad"},"content":{"rendered":"<p align=\"justify\">\n<p align=\"justify\">La interrogaci\u00f3n b\u00e1sica por la felicidad personal es la pregunta del mill\u00f3n. Claro que dicha pregunta va estrechamente ligada al bienestar colectivo en su sentido m\u00e1s integral y totalizador, al concepto global de felicidad.<\/p>\n<p align=\"justify\">Con frecuencia vemos en las redes sociales frecuentes entrevistas a personajes famosos o figuras populares cuyo contenido se desliza hacia territorios estrictamente personales o incluso \u00edntimos. O asistimos (acaso hasta participando activamente en ellos) a programas colectivos -en el estudio de televisi\u00f3n- o en encuestas callejeras en donde se plantean cuestiones que conciernen a la esfera personal.<\/p>\n<p align=\"justify\">A veces estas cuestiones son extremadamente audaces, ingenuas o impertinentes, otras m\u00e1s sensatas y penetrantes, \u00fatiles para la reflexi\u00f3n y para la vida.<\/p>\n<p align=\"justify\">\u00bfEs usted feliz, eres feliz? Peliaguda y globalizadora pregunta, dif\u00edcil de responder en cualquier caso. y sin respuesta satisfactoria en algunos momentos y circunstancias peculiares de la vida. Que se lo digan, si no, al parado de larga duraci\u00f3n, al estudiante rechazado repetidas veces y herido radicalmente en su autoestima, a la mujer v\u00edctima de la violencia de g\u00e9nero\u2026 Y a tantos otros interrogantes vitales que nos sumergen en la confusi\u00f3n y en la incertidumbre.<\/p>\n<p align=\"justify\">Pero hemos de buscar la cara positiva, aunque fluida y cambiante, de la felicidad, o m\u00e1s bien de su horizonte y de su b\u00fasqueda, de sus ingredientes principales, sin los cuales no podemos alcanzarla y mantenerla. Se trata, por supuesto, de un inventario estrictamente personal aunque transferible. A qu\u00e9 cosas, valores, atributos no podemos renunciar sin renunciar con ellos a la felicidad.<\/p>\n<p align=\"justify\">Para m\u00ed, el horizonte de la felicidad se apoya en algunas dimensiones b\u00e1sicas o nucleares. Una de ellas es la comunicaci\u00f3n interpersonal, otra la experiencia de la plenitud (aunque sea ocasional y limitada), con un espacio singular concedido en su interior a la experiencia est\u00e9tica. Cada una las cuales merecer\u00eda un amplio cap\u00edtulo.<\/p>\n<p align=\"justify\">Tampoco creo que pueda entenderse cabalmente el intento sincero de felicidad sin una referencia expl\u00edcita a la solidaridad. La abundancia y la magnitud de los tr\u00e1gicos sucesos recientes ponen de relieve la actualidad apremiante del concepto de solidaridad, su realidad dolorosa y sus implicaciones pr\u00e1cticas.<\/p>\n<p align=\"justify\">La aludida comunicaci\u00f3n interpersonal adecuada es una condici\u00f3n y una garant\u00eda del empe\u00f1o por la felicidad, y su carencia o debilidad ocasionan un grave quebranto a nuestro equilibrio ps\u00edquico. El enclaustramiento en nosotros mismos suele producir a la larga malestar y debilidad creativa en las relaciones y en las tareas.<\/p>\n<p align=\"justify\">La experiencia de la plenitud y del sosiego tonificante est\u00e1n presentes sin duda en nuestro archivo personal, y ojal\u00e1 esta experiencia nos acompa\u00f1e con la mayor abundancia posible. A veces su pureza e intensidad compensan su escasez. Todos recordamos de modo gratificante esos momentos privilegiados en los que coinciden la fertilidad y la lucidez, la armon\u00eda y la transparencia, sin abandonar por ello la simplicidad, tan pr\u00f3xima a la sencillez b\u00e1sica y envolvente.<\/p>\n<p align=\"justify\">La experiencia de la plenitud alcanza la dimensi\u00f3n \u00edntima de la persona, su interioridad, y tambi\u00e9n la relaci\u00f3n horizontal con los dem\u00e1s. En ambos espacios puede germinar ese peculiar sentimiento que abarca tanto la grandeza admirable de la condici\u00f3n humana como su extrema precariedad. La fragilidad es tambi\u00e9n aliada y complemento de la plenitud.<\/p>\n<p align=\"justify\">Una derivaci\u00f3n importante de esta experiencia de plenitud es la experiencia del disfrute de la belleza en cualquiera de sus formas. El goce est\u00e9tico es el color de la vida, su forma y su fondo, el n\u00facleo que da consistencia a la prosa cotidiana, la apertura a la alegr\u00eda, la suma de las m\u00fasicas y los paisajes\u2026<\/p>\n<p align=\"justify\">La experiencia religiosa merece punto y aparte, y tiene relaci\u00f3n con las formas anteriores de b\u00fasqueda de la felicidad. Creo tambi\u00e9n que es m\u00e1s frecuente de lo que pensamos que no consiste solo en el don concedido a algunas personas privilegiadas, sino la construcci\u00f3n personal y colectiva de un mundo entre el dolor y la esperanza, con la ayuda y presencia misteriosa de Dios, por dif\u00edcil que esto sea.<\/p>\n<p align=\"justify\">La comunicaci\u00f3n interpersonal, la concordancia consigo mismo, la experiencia de la plenitud, el sentimiento y el ejercicio de la solidaridad, la implicaci\u00f3n comunitaria y la pertenencia al grupo son algunos de los ingredientes m\u00e1s importantes que configuran el horizonte de la felicidad y que enriquecen nuestra vida.<\/p>\n","protected":false},"excerpt":{"rendered":"<p>La interrogaci\u00f3n b\u00e1sica por la felicidad personal es la pregunta del mill\u00f3n. Claro que dicha pregunta va estrechamente ligada al bienestar colectivo en su sentido m\u00e1s integral y totalizador, al concepto global de felicidad.<\/p>\n","protected":false},"author":1,"featured_media":0,"comment_status":"open","ping_status":"open","sticky":false,"template":"","format":"standard","meta":{"footnotes":""},"categories":[20],"tags":[],"class_list":["post-13539","post","type-post","status-publish","format-standard","hentry","category-opinion","sent_by-santiago-s-torrado"],"_links":{"self":[{"href":"https:\/\/www.prospereando.es\/index.php\/wp-json\/wp\/v2\/posts\/13539","targetHints":{"allow":["GET"]}}],"collection":[{"href":"https:\/\/www.prospereando.es\/index.php\/wp-json\/wp\/v2\/posts"}],"about":[{"href":"https:\/\/www.prospereando.es\/index.php\/wp-json\/wp\/v2\/types\/post"}],"author":[{"embeddable":true,"href":"https:\/\/www.prospereando.es\/index.php\/wp-json\/wp\/v2\/users\/1"}],"replies":[{"embeddable":true,"href":"https:\/\/www.prospereando.es\/index.php\/wp-json\/wp\/v2\/comments?post=13539"}],"version-history":[{"count":2,"href":"https:\/\/www.prospereando.es\/index.php\/wp-json\/wp\/v2\/posts\/13539\/revisions"}],"predecessor-version":[{"id":20148,"href":"https:\/\/www.prospereando.es\/index.php\/wp-json\/wp\/v2\/posts\/13539\/revisions\/20148"}],"wp:attachment":[{"href":"https:\/\/www.prospereando.es\/index.php\/wp-json\/wp\/v2\/media?parent=13539"}],"wp:term":[{"taxonomy":"category","embeddable":true,"href":"https:\/\/www.prospereando.es\/index.php\/wp-json\/wp\/v2\/categories?post=13539"},{"taxonomy":"post_tag","embeddable":true,"href":"https:\/\/www.prospereando.es\/index.php\/wp-json\/wp\/v2\/tags?post=13539"}],"curies":[{"name":"wp","href":"https:\/\/api.w.org\/{rel}","templated":true}]}}