{"id":13068,"date":"2020-06-17T01:12:39","date_gmt":"2020-06-16T23:12:39","guid":{"rendered":"http:\/\/www.prospereando.es\/?p=13068"},"modified":"2020-06-17T01:29:04","modified_gmt":"2020-06-16T23:29:04","slug":"edadismo-o-gerontocracia","status":"publish","type":"post","link":"https:\/\/www.prospereando.es\/index.php\/2020\/06\/17\/edadismo-o-gerontocracia\/","title":{"rendered":"Edadismo o Gerontocracia"},"content":{"rendered":"<p align=\"justify\"><img loading=\"lazy\" decoding=\"async\" class=\" wp-image-13071 aligncenter\" src=\"http:\/\/www.prospereando.es\/wp-content\/uploads\/2020\/06\/mayoressentados1-300x188.jpg\" alt=\"Mayores sentados\" width=\"624\" height=\"391\" srcset=\"https:\/\/www.prospereando.es\/wp-content\/uploads\/2020\/06\/mayoressentados1-300x188.jpg 300w, https:\/\/www.prospereando.es\/wp-content\/uploads\/2020\/06\/mayoressentados1.jpg 600w\" sizes=\"auto, (max-width: 624px) 100vw, 624px\" \/><\/p>\n<p align=\"justify\">Tras lo ocurrido durante estos \u00faltimos meses en las Residencias de ancianos, alguien con 1, 2 o 3 dedos de frente, deber\u00eda pensar que hay que hacer algo (repito, pensar).<\/p>\n<p align=\"justify\">Ya que la idea de perogrullo, en cuanto a medicalizarlas, se cae por su propio peso. Porque no se trata de ser el pa\u00eds que mejor atiende a sus enfermos, no. Se trata de ser un pa\u00eds que toma las medidas preventivas m\u00e1s adecuadas y contundentes. No hay que esperar a que llegue la enfermedad, hay que prevenirla. En marzo, todas las alertas de salud p\u00fablica fallaron.<\/p>\n<p align=\"justify\">Potenciemos la salud p\u00fablica, organic\u00e9mosla de otra forma y busquemos, adem\u00e1s, como prevenir los males. Los expertos dicen que no se ir\u00e1 el virus sin f\u00e1rmacos, mientras estos llegan, hallemos las medidas preventivas para evitar que el rebrote sea descomunal. Antes, en prevenci\u00f3n dec\u00edamos que: \u201cm\u00e1s vale un por si acaso, que un v\u00e1lgame Dios\u201d. Pues eso, gestionar el por si acaso, \u00a1pero ya!, que nos puede volver a pillar el toro. No perdamos mucho tiempo en avisar que viene el lobo y procuremos que cuando aparezca haga poco.<\/p>\n<p align=\"justify\">Se admite y sugiere una profunda reflexi\u00f3n, una ley que analice sobre las nuevas acciones y elimine las medidas que sobran por ineficaces, y en base a todo eso, se vertebren estos espacios y adquieran derechos sus inquilinos.<\/p>\n<p align=\"justify\">Pero pareciera que han entrado en p\u00e1nico nuestros pol\u00edticos. Solo y con la boca peque\u00f1a (que no los escucha ni el cuello de su camisa). Admiten que ha existido un error en general y muchos en particular. Piensan en las ratio, piensan en los porcentajes de profesionales, piensan en el desequilibrio entre las p\u00fablicas y las privadas, piensan en la nueva postura (postureo) a adoptar por cada uno de los grupos pol\u00edticos de la oposici\u00f3n, piensan en la defensa de dama desde el poder y disponen una investigaci\u00f3n sobre los hechos acontecidos en las residencias (No vale ser juez y parte, eso desmonta toda soluci\u00f3n).<\/p>\n<p align=\"justify\">Ya hay quien piensa que se regule y vertebre un todo sobre los mayores (que no totum revolutum).<\/p>\n<p align=\"justify\">A esto le han dado en llamar los amigos de los ismos, como edadismo, yo cuando lo escuch\u00e9 por vez primera, entend\u00ed dada\u00edsmo, es decir, aquella tendencia art\u00edstica de principios del XX, en la que se cuestion\u00f3 el arte, sus valores, estructuras, c\u00f3digos\u2026 Hab\u00eda que romper con lo anterior.<\/p>\n<p align=\"justify\">Ahora me cuestiono si fue una mala interpretaci\u00f3n, un fallo en mi audici\u00f3n o una premonici\u00f3n.<\/p>\n<p align=\"justify\">Mientras tanto el edadismo ha tomado forma en nuestro c\u00f3digo penal, junto a ni\u00f1os y personas desfavorecidas (eso no debe ser as\u00ed, pero algo es algo). Me parece muy bien, pero sin llegar a eso, en cuestiones m\u00e1s de andar por casa, falta algo. Recuerdo en el \u00faltimo viaje cuando llegu\u00e9 al oeste del r\u00edo Guadiana, es decir, al primer pueblo portugu\u00e9s desde Ayamonte, en Villa Real de santo Antonio, en los m\u00faltiples comercios (vendedores de toallas y trapos de cocina), hab\u00eda unos carteles en lo que se indicaba que se daba preferencia a la atenci\u00f3n y cobro, a embarazadas, mayores y discapacitados. En las semanas m\u00e1s malas de enclaustramiento, los responsables de seguridad de los s\u00faper, mandaban pasar a las personas mayores, antes que al resto de usuarios, pero esto se ha perdido ya. Hay grandes establecimientos que empezaron a anunciar su reapertura con una atenci\u00f3n prioritaria a los mayores, no lo hemos visto, en realidad lo que han hecho es quitar cualquier silla o lugar donde descansar los artr\u00f3sicos cuerpos, como los que hab\u00eda hace unos meses y ahora hay que esperar la cola en pie, como buen soldado, salvo en el departamento de atenci\u00f3n al cliente. Y me pregunto, \u00bfsolo somos clientes en ese departamento?<\/p>\n<p align=\"justify\">A ver cuando empezamos a ver al mayor con sus problemas y sus derechos, est\u00e1 bien la ley, est\u00e1 bien que comiencen a organizar sus neuronas con el fin de evitar un nuevo gerontocidio viral, pero, como en todo, hay que ir desarrollando acciones de abajo hacia arriba, que calen en la sociedad los derechos del mayor con una ley integral e integrada de derechos y deberes del mayor, que nadie quede impune por acosar a una persona mayor o por sustraerle cualquier otro derecho.<\/p>\n<p align=\"justify\">Desde hace unos pocos decenios, ha confabulado la sociedad industrial del mercadeo liberaloide y han relegado a los mayores. Lo cierto es que fue ocurriendo poco a poco. En la antig\u00fcedad griega, cuna de las culturas mediterr\u00e1neas, la Geronte, (reuni\u00f3n de los mayores), era la que organizaba la vida en las polis, ellos eran los m\u00e1s sabios, los que m\u00e1s sab\u00edan sobre aquello que era bueno para el grupo social. Con los siglos, las cosas fueron cambiando, pero siempre existi\u00f3 el respeto al mayor, a sus dichos y a sus formas, ellos transmit\u00edan la cultura de una organizaci\u00f3n social.<\/p>\n<p align=\"justify\">Pero llegaron, Taylor y su organizaci\u00f3n racional del trabajo, Le Corbusier y su racionalidad arquitect\u00f3nica de los espacios ajustados a las necesidades, y tantos otros racionales racionalistas y se olvidaron del espacio social que deb\u00eda tener el mayor, y el espacio domestico que tendr\u00eda que habitar. Es cuando llega la fase de expansi\u00f3n del neoliberalismo, donde hay que hacer crecer las fuentes de las econom\u00edas de empresa, donde organizaciones neoconservadoras apuestan para que crezcan sus patrimonios, porque hay que rescatar suculentos beneficios para pagar las pensiones privadas a todos aquellos que han ido depositando mes a mes, sus dineros en una corporaci\u00f3n financiera para obtener una respuesta econ\u00f3mica rentable en sus d\u00edas senectos. Y todo se va al garete.<\/p>\n<p align=\"justify\">La conciencia social hacia el mayor se convierte, pervierte y subvierte, en los negocios con los mayores, pero sin contar con los mayores, la Geronte hace aguas a todos los niveles de la sociedad industrializada, aparecen los gerentes, que ya no son gerontes, son pipiolos violentos con un \u00fanico objetivo: rentabilizar las residencias. Con un solo principio: ofrecer la mejor calidad, que ellos manipulan, para las familias (con ancianos) menos exigentes.<\/p>\n<p align=\"justify\">Los mejores eslogan: Buenas vistas, tranquilidad, exquisitos servicios, bellas sonrisas, aire sano, brisa selecta, futuros impecables\u2026<\/p>\n<p align=\"justify\">Lo cierto es que son lugares donde residen y hacen la vida. Pocas residencias tienen la posibilidad de dejar al cliente que decida si sale o entra, si hace o deshace. \u00bfPor qu\u00e9?, porque suelen ser personas que han perdido parte de la capacidad de organizarse y son en buena parte dependientes. \u00bfY si son en buena parte dependientes, porque una residencia y no un centro de ayuda sociosanitaria? Porque ser\u00eda m\u00e1s caro y tendr\u00edan m\u00e1s gastos las multinacionales geri\u00e1tricas (con nuestras pensiones tendr\u00edan que aquilatar los precios y disminuir las ganancias). A estas les interesas sacar mucho y dar poco, y si lo ofrecen, lo cobran aparte. Un gran negocio subvencionado por la administraci\u00f3n, que al ser algo tan complejo como el mayor, se paga a terceros, (a las multinacionales del viejo), y se sigue mirando hacia otro lado sin reproches.<\/p>\n<p align=\"justify\">En unos lugares donde durante medio siglo (la sociedad con may\u00fasculas) se ha estado mirando hacia otro lado, de poco vale el parche de un art\u00edculo en el c\u00f3digo penal. O nos despertamos todos y entendemos que el mayor sigue siendo un ser social, activo, vital y comprometido con la sociedad, un ser al que hay que cuidar y atender y contentar y colaborar con \u00e9l, o sin ver lo que se le viene encima, esta sociedad dejar\u00e1 de ser eso, sociedad. Poco a poco se ir\u00e1 enmoheciendo, desestructurando, carg\u00e1ndose de leyes, pero los ciudadanos desertaran del compromiso social y la sociedad solo albergar\u00e1 suciedad.<\/p>\n<p align=\"justify\">De una vez por todas, \u00bfno podr\u00edan existir residencias sociales y residencias sociosanitarias? No podr\u00edan normalizarse peque\u00f1os espacios (pisos) donde estuvieran unos pocos mayores, sin masificaci\u00f3n, no podr\u00edan existir geriatras que atendieran a los mayores en primaria\u2026 \u00bfNo podr\u00edan ponerse un poco a pensar en positivo? Menos servicios sociales en los Centros Culturales de mayores, que les regulan y ningunean, que no hacen falta, y m\u00e1s acciones sociales en los domicilios (peluquer\u00edas, podolog\u00eda)<\/p>\n<p align=\"justify\">\u00a1Pensad, pol\u00edticos, pensad!, pero no os olvid\u00e9is de pensar con nosotros, a nuestro lado.<\/p>\n","protected":false},"excerpt":{"rendered":"<p>Tras lo ocurrido durante estos \u00faltimos meses en las Residencias de ancianos, alguien con 1, 2 o 3 dedos de frente, deber\u00eda pensar que hay que hacer algo(repito, pensar).<\/p>\n","protected":false},"author":1,"featured_media":13071,"comment_status":"open","ping_status":"open","sticky":false,"template":"","format":"standard","meta":{"footnotes":""},"categories":[20],"tags":[],"class_list":["post-13068","post","type-post","status-publish","format-standard","has-post-thumbnail","hentry","category-opinion","sent_by-emilio-meseguer"],"_links":{"self":[{"href":"https:\/\/www.prospereando.es\/index.php\/wp-json\/wp\/v2\/posts\/13068","targetHints":{"allow":["GET"]}}],"collection":[{"href":"https:\/\/www.prospereando.es\/index.php\/wp-json\/wp\/v2\/posts"}],"about":[{"href":"https:\/\/www.prospereando.es\/index.php\/wp-json\/wp\/v2\/types\/post"}],"author":[{"embeddable":true,"href":"https:\/\/www.prospereando.es\/index.php\/wp-json\/wp\/v2\/users\/1"}],"replies":[{"embeddable":true,"href":"https:\/\/www.prospereando.es\/index.php\/wp-json\/wp\/v2\/comments?post=13068"}],"version-history":[{"count":3,"href":"https:\/\/www.prospereando.es\/index.php\/wp-json\/wp\/v2\/posts\/13068\/revisions"}],"predecessor-version":[{"id":13072,"href":"https:\/\/www.prospereando.es\/index.php\/wp-json\/wp\/v2\/posts\/13068\/revisions\/13072"}],"wp:featuredmedia":[{"embeddable":true,"href":"https:\/\/www.prospereando.es\/index.php\/wp-json\/wp\/v2\/media\/13071"}],"wp:attachment":[{"href":"https:\/\/www.prospereando.es\/index.php\/wp-json\/wp\/v2\/media?parent=13068"}],"wp:term":[{"taxonomy":"category","embeddable":true,"href":"https:\/\/www.prospereando.es\/index.php\/wp-json\/wp\/v2\/categories?post=13068"},{"taxonomy":"post_tag","embeddable":true,"href":"https:\/\/www.prospereando.es\/index.php\/wp-json\/wp\/v2\/tags?post=13068"}],"curies":[{"name":"wp","href":"https:\/\/api.w.org\/{rel}","templated":true}]}}