{"id":13,"date":"2011-01-21T13:17:39","date_gmt":"2011-01-21T13:17:39","guid":{"rendered":"http:\/\/www.prospereando.es\/?p=13"},"modified":"2011-12-12T22:10:27","modified_gmt":"2011-12-12T22:10:27","slug":"el-precio-de-un-cafe","status":"publish","type":"post","link":"https:\/\/www.prospereando.es\/index.php\/2011\/01\/21\/el-precio-de-un-cafe\/","title":{"rendered":"El precio de un caf\u00e9"},"content":{"rendered":"<p>Donde el ministro de Industria ve un caf\u00e9, la organizaci\u00f3n FACUA- Consumidores en Acci\u00f3n ve un aumento de 6,77 euros en la factura de un usuario medio. Es m\u00e1s del doble de lo que el Gobierno anunci\u00f3 el pasado lunes, 3,20 euros para un hogar de tipo medio. La subida es de casi un 10% depende de los metros que tenga la vivienda, del consumo o de si la calefacci\u00f3n es el\u00e9ctrica. Se libran de la subida hasta 2013 aquellos que est\u00e1n acogidos al bono social, los que tienen potencias inferiores a 3 kw, las familias numerosas, las que tienen a todos sus miembros en el paro y quienes cobran pensiones m\u00ednimas. Pero no se van a quedar ah\u00ed las subidas la bombona de butano que cuesta 12,79 pasar\u00e1 costar 13,19 euros a los m\u00e1s de ocho millones de personas <img loading=\"lazy\" decoding=\"async\" width=\"214\" height=\"176\" src=\"http:\/\/www.prospereando.es\/wp-content\/uploads\/2011\/01\/enchufe.luz.jpg\" class=\"alignleft size-medium\" id=\"wp-image-3017\" title=\"enchufe.luz\" alt=\"enchufe\"\/>que la utilizan en Espa\u00f1a. El gas natural sube un 3,9% de media dependiendo de la tarifa que tenga el usuario. Si la calefacci\u00f3n no es de gas la subida ser\u00e1 de 0,56 euros al mes y si lo se pagar\u00e1 aproximadamente 1,66 euros m\u00e1s cada mes. El billete de los autobuses interurbanos ser\u00e1 1,7% m\u00e1s caro. El de los trenes de Cercan\u00eda y Media Distancia, costar\u00e1 3,1% m\u00e1s. La Media Distancia de Alta Velocidad, sube 4,8% y los del AVE y Larga Distancia 2,3%, exceptuando la l\u00ednea Madrid-Valencia que ya se inaugur\u00f3 con la subida incluida. Si se viaja en coche hay que tener en cuenta que tambi\u00e9n suben 1,44% los peajes de las autopistas que dependen de la Administraci\u00f3n Central del Estado.<\/p>\n","protected":false},"excerpt":{"rendered":"<p> Casi un diez por ciento sube la luz a partir del 1 de enero, como siempre hay divisi\u00f3n de opiniones. Para el ministro de Industria, Miguel Sebasti\u00e1n, no es para tanto \u201cpoco m\u00e1s que el precio de un caf\u00e9\u201d&#8230; para cada uno de los miembros de la familia.<\/p>\n","protected":false},"author":1,"featured_media":3018,"comment_status":"closed","ping_status":"open","sticky":false,"template":"","format":"standard","meta":{"footnotes":""},"categories":[10],"tags":[],"class_list":["post-13","post","type-post","status-publish","format-standard","has-post-thumbnail","hentry","category-economia"],"_links":{"self":[{"href":"https:\/\/www.prospereando.es\/index.php\/wp-json\/wp\/v2\/posts\/13","targetHints":{"allow":["GET"]}}],"collection":[{"href":"https:\/\/www.prospereando.es\/index.php\/wp-json\/wp\/v2\/posts"}],"about":[{"href":"https:\/\/www.prospereando.es\/index.php\/wp-json\/wp\/v2\/types\/post"}],"author":[{"embeddable":true,"href":"https:\/\/www.prospereando.es\/index.php\/wp-json\/wp\/v2\/users\/1"}],"replies":[{"embeddable":true,"href":"https:\/\/www.prospereando.es\/index.php\/wp-json\/wp\/v2\/comments?post=13"}],"version-history":[{"count":0,"href":"https:\/\/www.prospereando.es\/index.php\/wp-json\/wp\/v2\/posts\/13\/revisions"}],"wp:featuredmedia":[{"embeddable":true,"href":"https:\/\/www.prospereando.es\/index.php\/wp-json\/wp\/v2\/media\/3018"}],"wp:attachment":[{"href":"https:\/\/www.prospereando.es\/index.php\/wp-json\/wp\/v2\/media?parent=13"}],"wp:term":[{"taxonomy":"category","embeddable":true,"href":"https:\/\/www.prospereando.es\/index.php\/wp-json\/wp\/v2\/categories?post=13"},{"taxonomy":"post_tag","embeddable":true,"href":"https:\/\/www.prospereando.es\/index.php\/wp-json\/wp\/v2\/tags?post=13"}],"curies":[{"name":"wp","href":"https:\/\/api.w.org\/{rel}","templated":true}]}}