{"id":12765,"date":"2020-05-09T22:56:17","date_gmt":"2020-05-09T20:56:17","guid":{"rendered":"http:\/\/www.prospereando.es\/?p=12765"},"modified":"2020-05-09T22:57:55","modified_gmt":"2020-05-09T20:57:55","slug":"trabajo-y-empleo-verde-para-superar-la-pandemia-y-la-emergencia-climatica","status":"publish","type":"post","link":"https:\/\/www.prospereando.es\/index.php\/2020\/05\/09\/trabajo-y-empleo-verde-para-superar-la-pandemia-y-la-emergencia-climatica\/","title":{"rendered":"Trabajo y empleo verde para superar la pandemia y la emergencia clim\u00e1tica"},"content":{"rendered":"<p align=\"justify\"><em>Art\u00edculo publicado por primera vez en Greenpeace.org (https:\/\/es.greenpeace.org\/es\/noticias\/trabajo-y-empleo-verde-para-superar-la-pandemia-y-la-emergencia-climatica\/)<\/em><\/p>\n<p align=\"justify\"><img loading=\"lazy\" decoding=\"async\" class=\" wp-image-12766 aligncenter\" src=\"http:\/\/www.prospereando.es\/wp-content\/uploads\/2020\/05\/chicamascarilla1-300x179.jpg\" alt=\"\" width=\"603\" height=\"360\" srcset=\"https:\/\/www.prospereando.es\/wp-content\/uploads\/2020\/05\/chicamascarilla1-300x179.jpg 300w, https:\/\/www.prospereando.es\/wp-content\/uploads\/2020\/05\/chicamascarilla1.jpg 600w\" sizes=\"auto, (max-width: 603px) 100vw, 603px\" \/><\/p>\n<p align=\"justify\">Cuando se celebra el <strong>D\u00eda mundial de las personas trabajadoras<\/strong> es dif\u00edcil pensar en momentos de mayor incertidumbre que los actuales. Enfrentarse a una pandemia que est\u00e1 causando tanto dolor y da\u00f1os se est\u00e1 convirtiendo en nuestro d\u00eda a d\u00eda, pero ni es f\u00e1cil, ni es agradable. <strong>Sin la inmensa labor realizada por todo el personal de los servicios esenciales ser\u00eda casi imposible superar esta pandemia<\/strong>.<\/p>\n<p align=\"justify\">Y su entrega y solidaridad nos empuja a seguir, porque <strong>la crisis ocasionada por el covid19 es una oportunidad que no podemos dejar pasar para poner a las personas y al planeta en primer lugar<\/strong>. Si no asumimos que el bienestar de las personas y el planeta est\u00e1n interrelacionados, las reacciones a la crisis agudizar\u00e1n la situaci\u00f3n de partida.<\/p>\n<p align=\"justify\">Casi nadie dudar\u00e1 de que debemos fortalecernos para afrontar mejor crisis semejantes en el futuro. Esta crisis sanitaria no puede hacernos olvidar que ya estamos inmersos en una <strong>emergencia clim\u00e1tica y una crisis de p\u00e9rdida de biodiversidad<\/strong> que est\u00e1n degradando el planeta y nuestra vida.<\/p>\n<p align=\"justify\">Para salir de esta situaci\u00f3n necesitamos un mundo m\u00e1s sostenible y justo donde se garanticen nuestras fuentes de riqueza principales: la salud, el empleo y la naturaleza. Centrar aqu\u00ed los esfuerzos supondr\u00eda focalizarnos en construir una sociedad para prosperar y no s\u00f3lo para sobrevivir.<\/p>\n<p align=\"justify\">La tarea es enorme. Una transici\u00f3n ecol\u00f3gica que nos convierta en una sociedad sin emisiones, resiliente y que restaure y preserve el patrimonio natural ser\u00e1 el motor econ\u00f3mico de la restauraci\u00f3n tras la pandemia. Necesitamos un mayor est\u00edmulo, m\u00e1s inversi\u00f3n en proyectos sin emisiones de carbono y m\u00e1s ayuda inmediata para qui\u00e9nes est\u00e1n detr\u00e1s de la econom\u00eda real, en nuestro campo y en nuestra ciudad. Garantizar un sistema s\u00f3lido de derechos sociales y de unos servicios p\u00fablicos robustos. Velar por la protecci\u00f3n frente a las violencias y la discriminaci\u00f3n. Mejorar la calidad del espacio democr\u00e1tico.Y apostar por una gobernanza global eficaz, eficiente y efectiva en materia de medio ambiente, derechos humanos y derechos sociales y en defensa de los bienes p\u00fablicos globales y la solidaridad entre personas, pueblos, pa\u00edses o regiones.<\/p>\n<p align=\"justify\"><strong>No podemos volver a cometer los errores de la crisis financiera de 2008<\/strong>, donde la lucha contra el cambio clim\u00e1tico y la salud del planeta (y de las personas) fueron relegados, mientras que los intereses econ\u00f3micos a corto plazo dominaron y estuvieron presentes en la agenda pol\u00edtica.<\/p>\n<p align=\"justify\">Desde Greenpeace articulamos esta recuperaci\u00f3n en cuatro \u00e1mbitos sobre los que desarrollar una econom\u00eda resiliente y diversificada que haga posible la transici\u00f3n.<\/p>\n<ul>\n<li><strong>Focalizar y priorizar la creaci\u00f3n de empleo de calidad<\/strong> en sectores como la salud y la educaci\u00f3n, las energ\u00edas renovables, la modernizaci\u00f3n de edificios y construcci\u00f3n de viviendas sostenibles, la agricultura y ganader\u00eda ecol\u00f3gicas, la pesca sostenible, el mantenimiento y el desarrollo de las redes de transporte p\u00fablico, la industria conectada y anclada en procesos libres de emisiones y eficientes en el uso de energ\u00eda, la gesti\u00f3n de infraestructuras verdes, el turismo respetuoso con la gesti\u00f3n del medio natural, especialmente con nuestras playas, actividades econ\u00f3micas que restauran y preservan el patrimonio natural para las pr\u00f3ximas generaciones, el desarrollo de empleos asociados a la econom\u00eda circular, fomentando el retorno, la reparaci\u00f3n y la reutilizaci\u00f3n en el \u00e1mbito textil, sider\u00fargico y de los residuos.<\/li>\n<li><strong>Acelerar la transici\u00f3n energ\u00e9tica desde nuestro actual sistema el\u00e9ctrico del 40 al 100% renovable<\/strong>, sin alargar la vida de las nucleares ni de las centrales de carb\u00f3n, reformando el mercado el\u00e9ctrico y no deshaciendo el camino recorrido durante el 2019 ni paralizando el avance hacia la descarbonizaci\u00f3n en otros sectores ahora afectados por la crisis, como el sector del autom\u00f3vil y la aviaci\u00f3n. Para ello se hace necesario el compromiso del sector privado para mantener empleos y redirigir sus carteras hacia inversiones en sectores descarbonizados.<\/li>\n<li><strong>Un paquete de inversiones estrat\u00e9gicas orientadas a la mejora de las condiciones de habitabilidad de la poblaci\u00f3n m\u00e1s vulnerable<\/strong>, a la eficiencia y sostenibilidad de todo lo construido, a la solarizaci\u00f3n de edificios p\u00fablicos y de barrios vulnerables (para generalizar el autoconsumo energ\u00e9tico y la energ\u00eda ciudadana compartida), compra p\u00fablica verde que se traduzca en mejoras en la red de transporte p\u00fablico, mejora de las comunicaciones y la fiscalidad contra la despoblaci\u00f3n rural y otras formas de diversificaci\u00f3n econ\u00f3mica, para fortalecer el \u00e1mbito rural y otras formas comunitarias que han demostrado ser claves para que las sociedades sean resilientes.<\/li>\n<li><strong>Apoyo y revisi\u00f3n de los servicios p\u00fablicos para favorecer a la sociedad<\/strong>. Invertir en el desarrollo de capacidades que favorezcan el bienestar del conjunto de la poblaci\u00f3n, en sectores \u00fatiles para el cuidado de la vida y de las comunidades. Es necesario el cuidado de los activos p\u00fablicos existentes: sistema sanitario, sistema educativo, redes de transporte p\u00fablico local, regional o nacional, empresas p\u00fablicas de vivienda, la puesta de las redes e infraestructuras el\u00e9ctricas y de agua al servicio de la transici\u00f3n y de la participaci\u00f3n de las personas y comunidades. Adem\u00e1s, avanzar en una reforma fiscal justa que tenga en cuenta la fiscalidad verde y el principio de quien contamina paga.<\/li>\n<\/ul>\n<p align=\"justify\"><strong>La Organizaci\u00f3n Internacional del Trabajo (OIT) afirma que las acciones para limitar el calentamiento del planeta a 2 \u00baC facilitar\u00e1n la creaci\u00f3n de 24 millones de nuevos empleos en todo el mundo para el a\u00f1o 2030<\/strong>, lo que equivale a la creaci\u00f3n de cuatro empleos por cada uno perdido en los sectores del carb\u00f3n y del petr\u00f3leo. Un informe reciente describe los nuevos empleos que se crear\u00e1n con la transici\u00f3n energ\u00e9tica: 132.000 nuevos empleos adem\u00e1s de atraer 100.000 millones de euros de inversi\u00f3n en Espa\u00f1a. En un <em>estudio que realizamos en <strong>Greenpeace<\/strong><\/em> calculamos que la apuesta decidida por un modelo energ\u00e9tico 100% renovable generar\u00eda en un escenario a 2030 <strong>tres millones de empleos<\/strong>. Para 2030, se espera que la transici\u00f3n cree 1,2 millones de puestos de trabajo adicionales en la UE, adem\u00e1s de los 12 millones de nuevos puestos de trabajo ya previstos. \u00danicamente con el desmantelamiento de centrales nucleares se generar\u00edan 100.000 puestos de trabajo y el incremento de renovables que esto supondr\u00eda elevar\u00eda el empleo en 200.000 m\u00e1s. Tambi\u00e9n hay estudios que indican que si se duplica la participaci\u00f3n modal del ciclismo, se podr\u00edan crear m\u00e1s de 400,000 empleos adicionales, alcanzando un total de m\u00e1s de un mill\u00f3n de empleos en la econom\u00eda de la bicicleta. Y son s\u00f3lo algunas de las muchas cifras que se manejan.<\/p>\n<p align=\"justify\">La pandemia nos ha reflejado ante los espejos y nos ha devuelto nuestras im\u00e1genes reconoci\u00e9ndonos muy vulnerables. <strong>Enfrentar la vulnerabilidad requiere evolucionar hacia un nuevo modelo econ\u00f3mico libre de carbono que no deje a nadie atr\u00e1s y que evite esa corriente en la que se capitaliza la vida y los beneficios y se socializan constantemente las p\u00e9rdidas<\/strong>.<\/p>\n","protected":false},"excerpt":{"rendered":"<p>Art\u00edculo publicado por primera vez en Greenpeace.org (https:\/\/es.greenpeace.org\/es\/noticias\/trabajo-y-empleo-verde-para-superar-la-pandemia-y-la-emergencia-climatica\/) Cuando se celebra el D\u00eda mundial de las personas trabajadoras es dif\u00edcil pensar en momentos de mayor incertidumbre que los actuales. Enfrentarse a una pandemia que est\u00e1 causando tanto dolor y da\u00f1os se est\u00e1 convirtiendo en nuestro d\u00eda a d\u00eda, pero ni es f\u00e1cil, ni es agradable. Sin la inmensa labor realizada por todo el personal de los servicios esenciales ser\u00eda casi imposible superar esta pandemia. Y su entrega y solidaridad nos empuja a seguir, porque la crisis ocasionada por el covid19 &hellip; <\/p>\n","protected":false},"author":1,"featured_media":12766,"comment_status":"open","ping_status":"open","sticky":false,"template":"","format":"standard","meta":{"footnotes":""},"categories":[578,6],"tags":[],"class_list":["post-12765","post","type-post","status-publish","format-standard","has-post-thumbnail","hentry","category-covid-19","category-sociedad","sent_by-mariajo-caballero"],"_links":{"self":[{"href":"https:\/\/www.prospereando.es\/index.php\/wp-json\/wp\/v2\/posts\/12765","targetHints":{"allow":["GET"]}}],"collection":[{"href":"https:\/\/www.prospereando.es\/index.php\/wp-json\/wp\/v2\/posts"}],"about":[{"href":"https:\/\/www.prospereando.es\/index.php\/wp-json\/wp\/v2\/types\/post"}],"author":[{"embeddable":true,"href":"https:\/\/www.prospereando.es\/index.php\/wp-json\/wp\/v2\/users\/1"}],"replies":[{"embeddable":true,"href":"https:\/\/www.prospereando.es\/index.php\/wp-json\/wp\/v2\/comments?post=12765"}],"version-history":[{"count":1,"href":"https:\/\/www.prospereando.es\/index.php\/wp-json\/wp\/v2\/posts\/12765\/revisions"}],"predecessor-version":[{"id":12767,"href":"https:\/\/www.prospereando.es\/index.php\/wp-json\/wp\/v2\/posts\/12765\/revisions\/12767"}],"wp:featuredmedia":[{"embeddable":true,"href":"https:\/\/www.prospereando.es\/index.php\/wp-json\/wp\/v2\/media\/12766"}],"wp:attachment":[{"href":"https:\/\/www.prospereando.es\/index.php\/wp-json\/wp\/v2\/media?parent=12765"}],"wp:term":[{"taxonomy":"category","embeddable":true,"href":"https:\/\/www.prospereando.es\/index.php\/wp-json\/wp\/v2\/categories?post=12765"},{"taxonomy":"post_tag","embeddable":true,"href":"https:\/\/www.prospereando.es\/index.php\/wp-json\/wp\/v2\/tags?post=12765"}],"curies":[{"name":"wp","href":"https:\/\/api.w.org\/{rel}","templated":true}]}}