{"id":12628,"date":"2020-04-24T22:25:47","date_gmt":"2020-04-24T20:25:47","guid":{"rendered":"http:\/\/www.prospereando.es\/?p=12628"},"modified":"2020-04-27T13:38:19","modified_gmt":"2020-04-27T11:38:19","slug":"guia-vecinal-ante-la-crisis-del-coronavirus-3-ayudas-y-medidas-para-personas-trabajadoras-en-activo-desempleadas-y-autonomas","status":"publish","type":"post","link":"https:\/\/www.prospereando.es\/index.php\/2020\/04\/24\/guia-vecinal-ante-la-crisis-del-coronavirus-3-ayudas-y-medidas-para-personas-trabajadoras-en-activo-desempleadas-y-autonomas\/","title":{"rendered":"Gu\u00eda vecinal ante la crisis del coronavirus 3: ayudas y medidas para personas trabajadoras en activo, desempleadas y aut\u00f3nomas"},"content":{"rendered":"<p>Noticia del \u00faltimo Bolet\u00edn semanal de la FRAVM<\/p>\n<p><img loading=\"lazy\" decoding=\"async\" class=\" wp-image-12629 aligncenter\" src=\"http:\/\/www.prospereando.es\/wp-content\/uploads\/2020\/04\/covid191-300x198.jpg\" alt=\"\" width=\"483\" height=\"319\" srcset=\"https:\/\/www.prospereando.es\/wp-content\/uploads\/2020\/04\/covid191-300x198.jpg 300w, https:\/\/www.prospereando.es\/wp-content\/uploads\/2020\/04\/covid191.jpg 600w\" sizes=\"auto, (max-width: 483px) 100vw, 483px\" \/><\/p>\n<p>Ante la crisis sanitaria y econ\u00f3mica provocada por la pandemia del coronavirus y el aluvi\u00f3n de medidas aprobadas por las administraciones, la FRAVM ha elaborado una gu\u00eda que recoge informaci\u00f3n sencilla y directa, con el fin de que las asociaciones vecinales puedan usarla en su labor divulgativa en sus barrios. <a href=\"https:\/\/aavvmadrid.org\/economia-empleo-y-consumo\/benestar-social\/guia-vecinal-ante-la-crisis-del-coronavirus-3-ayudas-y-medidas-para-personas-trabajadoras-en-activo-desempleadas-y-autonomas\/\">Leer m\u00e1s&#8230;<\/a><\/p>\n","protected":false},"excerpt":{"rendered":"<p>Noticia del \u00faltimo Bolet\u00edn semanal de la FRAVM Ante la crisis sanitaria y econ\u00f3mica provocada por la pandemia del coronavirus y el aluvi\u00f3n de medidas aprobadas por las administraciones, la FRAVM ha elaborado una gu\u00eda que recoge informaci\u00f3n sencilla y directa, con el fin de que las asociaciones vecinales puedan usarla en su labor divulgativa en sus barrios. Leer m\u00e1s&#8230;<\/p>\n","protected":false},"author":1,"featured_media":12629,"comment_status":"open","ping_status":"open","sticky":false,"template":"","format":"standard","meta":{"footnotes":""},"categories":[14,578],"tags":[],"class_list":["post-12628","post","type-post","status-publish","format-standard","has-post-thumbnail","hentry","category-ciudadania","category-covid-19","sent_by-fravm"],"_links":{"self":[{"href":"https:\/\/www.prospereando.es\/index.php\/wp-json\/wp\/v2\/posts\/12628","targetHints":{"allow":["GET"]}}],"collection":[{"href":"https:\/\/www.prospereando.es\/index.php\/wp-json\/wp\/v2\/posts"}],"about":[{"href":"https:\/\/www.prospereando.es\/index.php\/wp-json\/wp\/v2\/types\/post"}],"author":[{"embeddable":true,"href":"https:\/\/www.prospereando.es\/index.php\/wp-json\/wp\/v2\/users\/1"}],"replies":[{"embeddable":true,"href":"https:\/\/www.prospereando.es\/index.php\/wp-json\/wp\/v2\/comments?post=12628"}],"version-history":[{"count":3,"href":"https:\/\/www.prospereando.es\/index.php\/wp-json\/wp\/v2\/posts\/12628\/revisions"}],"predecessor-version":[{"id":12632,"href":"https:\/\/www.prospereando.es\/index.php\/wp-json\/wp\/v2\/posts\/12628\/revisions\/12632"}],"wp:featuredmedia":[{"embeddable":true,"href":"https:\/\/www.prospereando.es\/index.php\/wp-json\/wp\/v2\/media\/12629"}],"wp:attachment":[{"href":"https:\/\/www.prospereando.es\/index.php\/wp-json\/wp\/v2\/media?parent=12628"}],"wp:term":[{"taxonomy":"category","embeddable":true,"href":"https:\/\/www.prospereando.es\/index.php\/wp-json\/wp\/v2\/categories?post=12628"},{"taxonomy":"post_tag","embeddable":true,"href":"https:\/\/www.prospereando.es\/index.php\/wp-json\/wp\/v2\/tags?post=12628"}],"curies":[{"name":"wp","href":"https:\/\/api.w.org\/{rel}","templated":true}]}}