{"id":12154,"date":"2020-02-10T22:40:35","date_gmt":"2020-02-10T21:40:35","guid":{"rendered":"http:\/\/www.prospereando.es\/?p=12154"},"modified":"2020-02-10T22:51:52","modified_gmt":"2020-02-10T21:51:52","slug":"los-jovenes-y-la-crisis-climatica","status":"publish","type":"post","link":"https:\/\/www.prospereando.es\/index.php\/2020\/02\/10\/los-jovenes-y-la-crisis-climatica\/","title":{"rendered":"Los j\u00f3venes y la crisis clim\u00e1tica"},"content":{"rendered":"<p align=\"justify\"><img loading=\"lazy\" decoding=\"async\" class=\" wp-image-12155 aligncenter\" src=\"http:\/\/www.prospereando.es\/wp-content\/uploads\/2020\/02\/cambioclima1-300x225.jpg\" alt=\"\" width=\"515\" height=\"386\" srcset=\"https:\/\/www.prospereando.es\/wp-content\/uploads\/2020\/02\/cambioclima1-300x225.jpg 300w, https:\/\/www.prospereando.es\/wp-content\/uploads\/2020\/02\/cambioclima1.jpg 600w\" sizes=\"auto, (max-width: 515px) 100vw, 515px\" \/><\/p>\n<p align=\"justify\">El pasado 5 de febrero contamos con la presencia de tres miembros del movimiento Fridays For Future Madrid, organizaci\u00f3n internacional de j\u00f3venes que se manifiestan los viernes para reclamar del Gobierno acciones contra el calentamiento global y el cambio clim\u00e1tico.<\/p>\n<p align=\"justify\">Hablaron sobre las causas del cambio clim\u00e1tico apoy\u00e1ndose en datos publicados por el Grupo Intergubernamental de Expertos sobre el Cambio Clim\u00e1tico, conocido como\u00a0<strong>IPCC<\/strong>\u00a0(Intergovernmental Panel on Climate Change).<\/p>\n<p align=\"justify\">Explicaron tambi\u00e9n de las consecuencias, tanto medioambientales como sociales, de la crisis clim\u00e1tica en los aspectos relacionados con la econom\u00eda, la migraci\u00f3n, la salud y la justicia social.<\/p>\n<p align=\"justify\">Nos animaron a aportar nuestro granito de arena a nivel individual para paliar los efectos de la crisis clim\u00e1tica, d\u00e1ndonos algunas pautas sobre h\u00e1bitos de consumo responsable, que podemos poner en pr\u00e1ctica en el d\u00eda a d\u00eda.<\/p>\n<p align=\"justify\"><img loading=\"lazy\" decoding=\"async\" class=\" wp-image-12156 aligncenter\" src=\"http:\/\/www.prospereando.es\/wp-content\/uploads\/2020\/02\/cambioclima2-300x225.jpg\" alt=\"\" width=\"461\" height=\"346\" srcset=\"https:\/\/www.prospereando.es\/wp-content\/uploads\/2020\/02\/cambioclima2-300x225.jpg 300w, https:\/\/www.prospereando.es\/wp-content\/uploads\/2020\/02\/cambioclima2.jpg 600w\" sizes=\"auto, (max-width: 461px) 100vw, 461px\" \/><\/p>\n<p align=\"justify\">Y por \u00faltimo nos contaron quienes son, como surgieron como organizaci\u00f3n y sus objetivos. Es encomiable el trabajo que est\u00e1n realizando en los IES de Madrid, impartiendo charlas para que las nuevas generaciones empiecen a tomar conciencia sobre la crisis clim\u00e1tica. Es muy gratificante ver c\u00f3mo los j\u00f3venes est\u00e1n tomando cartas en este asunto, luchando por defender su futuro, porque, al fin y al cabo, es su futuro y el del planeta lo que est\u00e1 en juego.<\/p>\n","protected":false},"excerpt":{"rendered":"<p>El pasado 5 de febrero contamos con la presencia de tres miembros del movimiento Fridays For Future Madrid, organizaci\u00f3n internacional de j\u00f3venes que se manifiestan los viernes para reclamar del Gobierno acciones contra el calentamiento global y el cambio clim\u00e1tico.<\/p>\n","protected":false},"author":1,"featured_media":12155,"comment_status":"open","ping_status":"open","sticky":false,"template":"","format":"standard","meta":{"footnotes":""},"categories":[3],"tags":[],"class_list":["post-12154","post","type-post","status-publish","format-standard","has-post-thumbnail","hentry","category-medio-ambiente","sent_by-esther-alcolea"],"_links":{"self":[{"href":"https:\/\/www.prospereando.es\/index.php\/wp-json\/wp\/v2\/posts\/12154","targetHints":{"allow":["GET"]}}],"collection":[{"href":"https:\/\/www.prospereando.es\/index.php\/wp-json\/wp\/v2\/posts"}],"about":[{"href":"https:\/\/www.prospereando.es\/index.php\/wp-json\/wp\/v2\/types\/post"}],"author":[{"embeddable":true,"href":"https:\/\/www.prospereando.es\/index.php\/wp-json\/wp\/v2\/users\/1"}],"replies":[{"embeddable":true,"href":"https:\/\/www.prospereando.es\/index.php\/wp-json\/wp\/v2\/comments?post=12154"}],"version-history":[{"count":2,"href":"https:\/\/www.prospereando.es\/index.php\/wp-json\/wp\/v2\/posts\/12154\/revisions"}],"predecessor-version":[{"id":12163,"href":"https:\/\/www.prospereando.es\/index.php\/wp-json\/wp\/v2\/posts\/12154\/revisions\/12163"}],"wp:featuredmedia":[{"embeddable":true,"href":"https:\/\/www.prospereando.es\/index.php\/wp-json\/wp\/v2\/media\/12155"}],"wp:attachment":[{"href":"https:\/\/www.prospereando.es\/index.php\/wp-json\/wp\/v2\/media?parent=12154"}],"wp:term":[{"taxonomy":"category","embeddable":true,"href":"https:\/\/www.prospereando.es\/index.php\/wp-json\/wp\/v2\/categories?post=12154"},{"taxonomy":"post_tag","embeddable":true,"href":"https:\/\/www.prospereando.es\/index.php\/wp-json\/wp\/v2\/tags?post=12154"}],"curies":[{"name":"wp","href":"https:\/\/api.w.org\/{rel}","templated":true}]}}