{"id":11754,"date":"2019-12-05T23:08:11","date_gmt":"2019-12-05T22:08:11","guid":{"rendered":"http:\/\/www.prospereando.es\/?p=11754"},"modified":"2019-12-05T23:14:20","modified_gmt":"2019-12-05T22:14:20","slug":"olvidos","status":"publish","type":"post","link":"https:\/\/www.prospereando.es\/index.php\/2019\/12\/05\/olvidos\/","title":{"rendered":"Olvidos"},"content":{"rendered":"<p align=\"justify\"><img loading=\"lazy\" decoding=\"async\" class=\" wp-image-11756 aligncenter\" src=\"http:\/\/www.prospereando.es\/wp-content\/uploads\/2019\/12\/rosario1-300x180.jpg\" alt=\"\" width=\"510\" height=\"306\" srcset=\"https:\/\/www.prospereando.es\/wp-content\/uploads\/2019\/12\/rosario1-300x180.jpg 300w, https:\/\/www.prospereando.es\/wp-content\/uploads\/2019\/12\/rosario1.jpg 600w\" sizes=\"auto, (max-width: 510px) 100vw, 510px\" \/><\/p>\n<p align=\"justify\">En pocos d\u00edas terminamos el a\u00f1o 2019, y como siempre, nos dejamos en el tintero o enredados entre las neuronas un recuerdo importante, no imprescindible, pero s\u00ed de inter\u00e9s social o humano.<\/p>\n<p align=\"justify\">Este a\u00f1o me vienen a la memoria algunos, el primero el de \u201cChacha\u201d, escrib\u00ed un mon\u00f3logo sobre ella, un homenaje sincero al dolor, la juventud amputada y la tragedia, lo inclu\u00ed \u201cFemenino Plural\u201d, mi \u00faltimo libro de teatro dedicado a las mujeres, que se public\u00f3 a finales de 2018. La \u201cChacha\u201d se llamaba Rosario S\u00e1nchez Mora, Miguel Hern\u00e1ndez escribi\u00f3 un hermoso poema sobre ella, a\u00fan sin conocerla el poeta se convirti\u00f3 en Musa de guerra.<\/p>\n<p align=\"justify\">La joven que hab\u00eda venido a estudiar costura a la Casa del Pueblo desde Morata de Taju\u00f1a, perdi\u00f3 su mano manejando explosivos en el \u201cAlto del Le\u00f3n\u201d. Su acci\u00f3n estaba encaminada a frenar el avance de Mola desde el norte, que pretend\u00edan cortar el suministro de agua a la capital y entrar posteriormente en ella. \u201cChacha\u201d se apunt\u00f3 en la primera oleada de j\u00f3venes que sali\u00f3 de la capital a defender Somosierra.<\/p>\n<p align=\"justify\">Rosario que quer\u00eda ganarse la vida con la costura, nunca pudo dedicarse a eso, tampoco pudo seguir luchando en la sierra, pero no se rindi\u00f3, sigui\u00f3 luchando en la retaguardia, a las \u00f3rdenes de El Campesino. All\u00ed, junto a El Campesino, conoci\u00f3 a Miguel Hern\u00e1ndez, su mentor po\u00e9tico. Los dos fueron a leer el poema a la radio y a dar calor y \u00e1nimo a las j\u00f3venes que sufr\u00edan el asedio de Madrid.<\/p>\n<p align=\"justify\">Un a\u00f1o m\u00e1s hemos dejado pasar ese asedio, la batalla de Madrid, conocida en todo el mundo, pero olvidada por los que aqu\u00ed vivimos. El lugar donde se estrenaron las BBII, donde el hospital Cl\u00ednico fue primera linea de batalla, en cada planta se luchaba d\u00eda y noche por mantener la posici\u00f3n: un pasillo, una secci\u00f3n&#8230;<\/p>\n<p align=\"justify\">Cuando termin\u00f3 la guerra, como no, Chacha, fue encarcelada, tuvo suerte, pudo salir de ella. Su libertad carcelaria fue el mismo d\u00eda en el que Miguel Hern\u00e1ndez la perdi\u00f3 para siempre por su tuberculosis no tratada, en la c\u00e1rcel de Alicante.<\/p>\n<p align=\"justify\">Rosario dej\u00f3 aparcados sus sentires y comenz\u00f3 a ganarse la vida como pudo, siempre en silencio, como tantas otras personas remodeladas por la represi\u00f3n de los que no perdieron la guerra.<\/p>\n<p align=\"justify\">Comenz\u00f3 a vender cigarrillos en Cibeles, con mucho tes\u00f3n y tras muchos a\u00f1os, lleg\u00f3 a trabajar como estanquera en Pe\u00f1a Prieta.<\/p>\n<p align=\"justify\">Fue la imagen de lo que aqu\u00ed ocurri\u00f3 con esa guerra: Una joven que trunc\u00f3 su vida porque alguien que se sublev\u00f3, no perdi\u00f3 y reprimi\u00f3, as\u00ed lo dispuso con medidas de terror.<\/p>\n<p align=\"justify\">Tras su paso por la c\u00e1rcel, el silencio se hizo grande y largo, el silencio fue feroz e intenso, el silencio humill\u00f3 y descabalg\u00f3 su proyecto de vida, sus ideas, conceptos, preceptos y necesidades. Hundi\u00f3 en el fango su futuro, pero sigui\u00f3 batallando, ten\u00eda una hija que sacar adelante.<\/p>\n<p align=\"justify\">Ese silencio cabalg\u00f3 entre la poblaci\u00f3n, generaci\u00f3n tras generaci\u00f3n, y model\u00f3 el desconocimiento en unos y el olvido en otros, los m\u00e1s.<\/p>\n<p align=\"justify\">Isidoro, mi gran amigo, el art\u00edfice del mon\u00f3logo que escrib\u00ed a \u201cChacha\u201d, me comentaba que, a la se\u00f1ora que durante toda su juventud le hab\u00eda estado comprando tabaco, formaba parte de una historia de sangre y fuego, de fusil y metralla, de pluma y palabras, y que los vencedores le hab\u00edan secuestrado esa verdad, por tanto, exig\u00eda una reparaci\u00f3n, una reparaci\u00f3n que nunca tendr\u00eda ni tendr\u00e1.<\/p>\n<p align=\"justify\">Isidoro y otros muchos, nunca supieron quien era esa mujer, la estanquera de Vallecas, lo mismo que no supieron hasta muchos a\u00f1os despu\u00e9s de crecer, que se escribi\u00f3 un hermoso poema titulado: Rosario la Dinamitera.<\/p>\n<p align=\"justify\">En este 2019 se han cumplido 100 a\u00f1os de su nacimiento, en este a\u00f1o nadie ha recordado su vida y la mugre social que le ofrecieron los que no perdieron esa guerra.<\/p>\n<p align=\"justify\">Y a\u00fan dicen que hace falta olvidar lo pasado. \u00bfPero como se puede olvidar algo que no se conoce?<\/p>\n<p align=\"justify\">\u00a1Santa paciencia!<\/p>\n<p align=\"justify\">Tambi\u00e9n se nos escapa entre las hojas del calendario y se mece en la gaveta del olvido, los 20 a\u00f1os de la muerte de Ernestina Champourcin, una poeta de la generaci\u00f3n del 27, una de las \u201cSin Sombrero\u201d.<\/p>\n<p align=\"justify\">\u00bfPor qu\u00e9 las \u201cSin Sombrero\u201d?<\/p>\n<p align=\"justify\">La acci\u00f3n de quitarse el sombrero ocurri\u00f3 un d\u00eda, all\u00e1 en los locos y atribulados a\u00f1os 20, donde unos j\u00f3venes estudiantes en la Real Escuela de Bellas Artes de San Fernando de Madrid, paseaban por la Puerta del Sol, iban: Maruja Mallo, Margarita M\u00e9ndez. Salvador y Federico. Las dos se quitaron el sombrero porque dec\u00edan que este les imped\u00eda que las ideas fluyeran y llegaran al exterior\u2026 Cuenta la historia que en la misma Puerta del Sol la gente que pasaba comenz\u00f3 a abuchearlas y a tirarles cosas.<\/p>\n<p align=\"justify\">Fue en los a\u00f1os 20 del siglo XX, esperemos que en los a\u00f1os 20 de este siglo XXI, unas nuevas mujeres se despojen de otros simb\u00f3licos sombreros y de esta forma, comiencen a fluir nuevas ideas que nos lleven a un mundo de m\u00e1s equidad.<\/p>\n<p align=\"justify\">\u00a1\u00a1FELICES A\u00d1OS 20, A TODAS!!<\/p>\n","protected":false},"excerpt":{"rendered":"<p>En pocos d\u00edas terminamos el a\u00f1o 2019, y como siempre, nos dejamos en el tintero o enredados entre las neuronas un recuerdo importante, no imprescindible, pero s\u00ed de inter\u00e9s social o humano.<\/p>\n","protected":false},"author":1,"featured_media":11756,"comment_status":"open","ping_status":"open","sticky":false,"template":"","format":"standard","meta":{"footnotes":""},"categories":[20],"tags":[],"class_list":["post-11754","post","type-post","status-publish","format-standard","has-post-thumbnail","hentry","category-opinion","sent_by-emilio-meseguer"],"_links":{"self":[{"href":"https:\/\/www.prospereando.es\/index.php\/wp-json\/wp\/v2\/posts\/11754","targetHints":{"allow":["GET"]}}],"collection":[{"href":"https:\/\/www.prospereando.es\/index.php\/wp-json\/wp\/v2\/posts"}],"about":[{"href":"https:\/\/www.prospereando.es\/index.php\/wp-json\/wp\/v2\/types\/post"}],"author":[{"embeddable":true,"href":"https:\/\/www.prospereando.es\/index.php\/wp-json\/wp\/v2\/users\/1"}],"replies":[{"embeddable":true,"href":"https:\/\/www.prospereando.es\/index.php\/wp-json\/wp\/v2\/comments?post=11754"}],"version-history":[{"count":3,"href":"https:\/\/www.prospereando.es\/index.php\/wp-json\/wp\/v2\/posts\/11754\/revisions"}],"predecessor-version":[{"id":11758,"href":"https:\/\/www.prospereando.es\/index.php\/wp-json\/wp\/v2\/posts\/11754\/revisions\/11758"}],"wp:featuredmedia":[{"embeddable":true,"href":"https:\/\/www.prospereando.es\/index.php\/wp-json\/wp\/v2\/media\/11756"}],"wp:attachment":[{"href":"https:\/\/www.prospereando.es\/index.php\/wp-json\/wp\/v2\/media?parent=11754"}],"wp:term":[{"taxonomy":"category","embeddable":true,"href":"https:\/\/www.prospereando.es\/index.php\/wp-json\/wp\/v2\/categories?post=11754"},{"taxonomy":"post_tag","embeddable":true,"href":"https:\/\/www.prospereando.es\/index.php\/wp-json\/wp\/v2\/tags?post=11754"}],"curies":[{"name":"wp","href":"https:\/\/api.w.org\/{rel}","templated":true}]}}