{"id":11722,"date":"2019-12-02T23:07:06","date_gmt":"2019-12-02T22:07:06","guid":{"rendered":"http:\/\/www.prospereando.es\/?p=11722"},"modified":"2019-12-02T23:16:16","modified_gmt":"2019-12-02T22:16:16","slug":"acto-reivindicativo-por-un-centro-de-la-memoria-de-la-carcel-de-carabanchel","status":"publish","type":"post","link":"https:\/\/www.prospereando.es\/index.php\/2019\/12\/02\/acto-reivindicativo-por-un-centro-de-la-memoria-de-la-carcel-de-carabanchel\/","title":{"rendered":"Acto reivindicativo por un centro de la memoria de la C\u00e1rcel de Carabanchel"},"content":{"rendered":"<p align=\"justify\"><strong><img loading=\"lazy\" decoding=\"async\" class=\" wp-image-11724 aligncenter\" src=\"http:\/\/www.prospereando.es\/wp-content\/uploads\/2019\/12\/carcelcarabanchel1-300x190.jpg\" alt=\"\" width=\"483\" height=\"306\" srcset=\"https:\/\/www.prospereando.es\/wp-content\/uploads\/2019\/12\/carcelcarabanchel1-300x190.jpg 300w, https:\/\/www.prospereando.es\/wp-content\/uploads\/2019\/12\/carcelcarabanchel1.jpg 600w\" sizes=\"auto, (max-width: 483px) 100vw, 483px\" \/><\/strong><\/p>\n<p align=\"justify\"><strong>Organizado por la Plataforma Ciudadana por el Centro de Memoria C\u00e1rcel de Carabanchel<\/strong> en la ma\u00f1ana del s\u00e1bado 30 de noviembre se ha realizado en el solar de la antigua c\u00e1rcel un acto con la presencia de m\u00e1s de un centenar personas en recuerdo del derribo hace 11 a\u00f1os y de la exigencia de la creaci\u00f3n de un Centro de la Memoria de dicha c\u00e1rcel, emblema de la represi\u00f3n franquista y la lucha por las libertades.<\/p>\n<p align=\"justify\">En primer lugar V\u00edctor D\u00edaz Cardiel, antiguo preso, ha dirigido unas palabras en recuerdo de dicho centro y reivindicando el gesto de Nadia Otmani, la mujer que se enfrent\u00f3 el pasado d\u00eda 25 de noviembre al dirigente ultraderechista de Vox en el ayuntamiento de Madrid. A continuaci\u00f3n ha hablado Yenny Camacho, hija del dirigente sindical Marcelino Camacho, que ha recordado la lucha y trabajo realizado por las mujeres y familiares de los presos durante la dictadura.<\/p>\n<p align=\"justify\">Juli\u00e1n Rebollo, de la Plataforma contra la Impunidad del Franquismo ha recordado la maqueta que en 2011 se realiz\u00f3, junto con una placa, que han perdurado en el lugar como testigos del paso del tiempo.<\/p>\n<p align=\"justify\">Posteriormente se ha le\u00eddo el comunicado elaborado por la plataforma convocante del acto, que reproducimos m\u00e1s abajo, por parte de representantes de la asociaci\u00f3n La Comuna represaliados y represaliadas del franquismo y de la Mesa de la Memoria Hist\u00f3rica de Latina. Tambi\u00e9n ha intervenido un representante de la Asociaci\u00f3n de Vecinos de Carabanchel Alto, y han estado presentes miembros de otros colectivos como la Federaci\u00f3n Estatal de Foros por la Memoria o Madrid Ciudadan\u00eda y Patrimonio.<\/p>\n<p align=\"justify\">Una vez le\u00eddo el comunicado, el centenar de personas que han acudido al acto se han desplazado al lugar donde se ha instalado un Memorial Alternativo, que responde a la eliminaci\u00f3n por parte del actual ayuntamiento de la partida presupuestaria destinada por la anterior corporaci\u00f3n municipal a un Memorial de la c\u00e1rcel.<\/p>\n<p align=\"justify\">El Memorial, instalado en la valla del recinto carcelario, enumera los primeros 550 nombres, de los m\u00e1s de 1.700 que se van a poner, de ex-presos y ex-presas que por luchar por la libertad pasaron por esta c\u00e1rcel. Natividad Camacho, ex-presa, y Yenny Camacho han sido las personas encargadas de descubrirlo, ante el caluroso aplauso de las personas asistentes.<\/p>\n<p align=\"justify\">Este memorial es tambi\u00e9n un desagravio frente al vergonzoso desmantelamiento y destrucci\u00f3n, perpetrados por el equipo municipal presidido por el alcalde Mart\u00ednez Almeida, del memorial de las personas fusiladas ante la tapia de cementerio del Este (Almudena) por el franquismo en la posguerra.<\/p>\n<p align=\"justify\">El Memorial Alternativo de la c\u00e1rcel de Carabanchel ha sido costeado por las aportaciones voluntarias de las vecinas y vecinos de la zona y de otros lugares de Madrid, as\u00ed como por las asociaciones memorialistas, y se ir\u00e1 ampliando hasta completarlo seg\u00fan se vayan consiguiendo los fondos necesarios. Y permanecer\u00e1 instalado hasta que el Ministerio del Interior decida construir el Centro de la Memoria que se reclama.<\/p>\n<p align=\"justify\">Al acto ha asistido una representaci\u00f3n de asociaciones vecinales de la zona, asociaciones memorialistas y de partidos pol\u00edticos como PSOE, Podemos, IU y M\u00e1s Madrid.<\/p>\n<p align=\"justify\"><strong><em>Texto del comunicado le\u00eddo:<\/em><\/strong><\/p>\n<p align=\"justify\"><strong>Ante el XI aniversario de la demolici\u00f3n de la c\u00e1rcel de Carabanchel<\/strong><\/p>\n<p align=\"justify\">Otro a\u00f1o ha transcurrido desde que en 2008 el gobierno entonces presidido por Rodr\u00edguez Zapatero (PSOE) decidiera emprender la demolici\u00f3n de un edificio ic\u00f3nico y cargado de memoria, grabado indeleblemente en la Historia de nuestra ciudad y del conjunto del Estado espa\u00f1ol.<\/p>\n<p align=\"justify\">A d\u00eda de hoy, el enorme solar de lo que fue la c\u00e1rcel permanece como testimonio vergonzante de la esterilidad de ese atentado contra el patrimonio colectivo y contra la memoria democr\u00e1tica.<\/p>\n<p align=\"justify\"><strong>Un lugar fundamental de la memoria democr\u00e1tica<\/strong><\/p>\n<p align=\"justify\">La c\u00e1rcel de Carabanchel. edificada entre 1940 y 1944 por mano de obra esclava de presos pol\u00edticos, fue nodo central del sistema penitenciario de la dictadura, tanto para presos pol\u00edticos, como para otras v\u00edctimas de la represi\u00f3n franquista: homosexuales, presos sociales o insumisos, entre otras formas de disidencia. Tambi\u00e9n alberg\u00f3 durante un tiempo a mujeres presas pol\u00edticas.<\/p>\n<p align=\"justify\">La c\u00e1rcel fue asimismo un importante escenario de luchas y resistencia, no s\u00f3lo desde dentro (huelgas de hambre, motines, \u2026), sino tambi\u00e9n desde fuera en solidaridad con los presos (redes de ayuda, movilizaciones por las libertades y la amnist\u00eda\u2026)<\/p>\n<p align=\"justify\"><strong>Reivindicaciones ignoradas<\/strong><\/p>\n<p align=\"justify\">Dos son las principales reclamaciones largamente reiteradas: por una parte, el <strong>Hospital de referencia<\/strong> para los distritos del entorno (Latina y Carabanchel) que con medio mill\u00f3n de habitantes carecen de ese servicio b\u00e1sico o son insuficientemente atendidos en el Hospital Militar G\u00f3mez Ulla, una necesidad que ya fue reconocida y comprometida por el gobierno regional pero que ha sido sistem\u00e1ticamente postergada; y por otra, el <strong>Centro de Memoria<\/strong>, que haga justicia al lugar y a su historia durante los largos a\u00f1os del franquismo.<\/p>\n<p align=\"justify\">El pueblo madrile\u00f1o sigue esperando que nuestros representantes p\u00fablicos se dignen mover ficha de una vez para abordar las demandas sociales para estos terrenos p\u00fablicos cuya titularidad corresponde al Ministerio del Interior.<\/p>\n<p align=\"justify\"><strong>Negacionismo del franquismo<\/strong><\/p>\n<p align=\"justify\">Desde la conmemoraci\u00f3n del pasado a\u00f1o, la \u00fanica novedad ha sido una nueva frustraci\u00f3n: La eliminaci\u00f3n por parte del nuevo equipo de gobierno municipal (pacto PP-C\u2019s-Vox), de la partida presupuestaria aprobada por el anterior ayuntamiento de Ahora Madrid para la construcci\u00f3n de un llamado <strong>\u2018Memorial\u2019<\/strong> de la c\u00e1rcel, un simple recordatorio que evidentemente no satisfac\u00eda la exigencia de un Centro de Memoria.<\/p>\n<p align=\"justify\">Pretendiendo borrar la c\u00e1rcel de nuestra historia, el actual ayuntamiento muestra su cerril actitud negacionista, la misma que le ha guiado tambi\u00e9n en estos d\u00edas a la vand\u00e1lica destrucci\u00f3n del <strong>Memorial del Cementerio del Este<\/strong>.<\/p>\n<p align=\"justify\"><strong>Una lucha sin fecha de caducidad<\/strong><\/p>\n<p align=\"justify\">A pesar de todos los desplantes oficiales y del paso del tiempo, una vez m\u00e1s, en este XI aniversario, las organizaciones vecinales, memorialistas y ciudadanas en general salimos a la calle para reclamar:<\/p>\n<ul>\n<li>Creaci\u00f3n del <strong>Centro de la Memoria de la represi\u00f3n y la resistencia al franquismo C\u00e1rcel de Carabanchel<\/strong>.<\/li>\n<li><strong>Cierre del CIE<\/strong> (Centro de Internamiento de Extranjeros), centro ilegal de detenci\u00f3n de personas inmigrantes, en cumplimiento de los derechos humanos b\u00e1sicos.<\/li>\n<li>Construcci\u00f3n del <strong>Hospital de referencia para los distritos de Latina y Carabanchel<\/strong>.<\/li>\n<\/ul>\n","protected":false},"excerpt":{"rendered":"<p>Organizado por la Plataforma Ciudadana por el Centro de Memoria C\u00e1rcel de Carabanchel en la ma\u00f1ana del s\u00e1bado 30 de noviembre se ha realizado en el solar de la antigua c\u00e1rcel&#8230;<\/p>\n","protected":false},"author":1,"featured_media":11724,"comment_status":"open","ping_status":"open","sticky":false,"template":"","format":"standard","meta":{"footnotes":""},"categories":[14],"tags":[],"class_list":["post-11722","post","type-post","status-publish","format-standard","has-post-thumbnail","hentry","category-ciudadania","sent_by-pccmcc"],"_links":{"self":[{"href":"https:\/\/www.prospereando.es\/index.php\/wp-json\/wp\/v2\/posts\/11722","targetHints":{"allow":["GET"]}}],"collection":[{"href":"https:\/\/www.prospereando.es\/index.php\/wp-json\/wp\/v2\/posts"}],"about":[{"href":"https:\/\/www.prospereando.es\/index.php\/wp-json\/wp\/v2\/types\/post"}],"author":[{"embeddable":true,"href":"https:\/\/www.prospereando.es\/index.php\/wp-json\/wp\/v2\/users\/1"}],"replies":[{"embeddable":true,"href":"https:\/\/www.prospereando.es\/index.php\/wp-json\/wp\/v2\/comments?post=11722"}],"version-history":[{"count":3,"href":"https:\/\/www.prospereando.es\/index.php\/wp-json\/wp\/v2\/posts\/11722\/revisions"}],"predecessor-version":[{"id":11726,"href":"https:\/\/www.prospereando.es\/index.php\/wp-json\/wp\/v2\/posts\/11722\/revisions\/11726"}],"wp:featuredmedia":[{"embeddable":true,"href":"https:\/\/www.prospereando.es\/index.php\/wp-json\/wp\/v2\/media\/11724"}],"wp:attachment":[{"href":"https:\/\/www.prospereando.es\/index.php\/wp-json\/wp\/v2\/media?parent=11722"}],"wp:term":[{"taxonomy":"category","embeddable":true,"href":"https:\/\/www.prospereando.es\/index.php\/wp-json\/wp\/v2\/categories?post=11722"},{"taxonomy":"post_tag","embeddable":true,"href":"https:\/\/www.prospereando.es\/index.php\/wp-json\/wp\/v2\/tags?post=11722"}],"curies":[{"name":"wp","href":"https:\/\/api.w.org\/{rel}","templated":true}]}}