{"id":11391,"date":"2019-10-22T22:46:43","date_gmt":"2019-10-22T20:46:43","guid":{"rendered":"http:\/\/www.prospereando.es\/?p=11391"},"modified":"2019-10-22T22:46:43","modified_gmt":"2019-10-22T20:46:43","slug":"homenaje-a-machado-la-valle-inclan-visita-soria","status":"publish","type":"post","link":"https:\/\/www.prospereando.es\/index.php\/2019\/10\/22\/homenaje-a-machado-la-valle-inclan-visita-soria\/","title":{"rendered":"Homenaje a Machado: La Valle-Incl\u00e1n visita Soria"},"content":{"rendered":"<p align=\"justify\"><img loading=\"lazy\" decoding=\"async\" class=\" wp-image-11392 alignnone\" src=\"http:\/\/www.prospereando.es\/wp-content\/uploads\/2019\/10\/SantoDomingo1-300x225.jpg\" alt=\"\" width=\"479\" height=\"359\" srcset=\"https:\/\/www.prospereando.es\/wp-content\/uploads\/2019\/10\/SantoDomingo1-300x225.jpg 300w, https:\/\/www.prospereando.es\/wp-content\/uploads\/2019\/10\/SantoDomingo1.jpg 600w\" sizes=\"auto, (max-width: 479px) 100vw, 479px\" \/><\/p>\n<p align=\"justify\">La Asociaci\u00f3n Vecinal ha organizado una excursi\u00f3n a Soria en homenaje a Antonio Machado en el ochenta aniversario de su muerte y tambi\u00e9n porque dicha dicha ciudad ha sido declarada, este a\u00f1o, ciudad europea del deporte por la Federaci\u00f3n de Capitales Europeas y Ciudades del Deporte.<\/p>\n<p align=\"justify\">Un numeroso y diverso grupo de socios y socias y de vecinos y vecinas del barrio se reunieron temprano en el autob\u00fas rumbo a Numancia y a Soria.<\/p>\n<p align=\"justify\">Durante el recorrido la expresidenta de la Asociaci\u00f3n Ana Sanz, soriana y experta en turismo, fue explicando una breve historia de Soria deteni\u00e9ndose en su \u00e9poca pujante de la Baja Edad Media gracias a su situaci\u00f3n fronteriza y su extensa caba\u00f1a bovina. Sufri\u00f3 da\u00f1os durante la guerra de la Independencia y experiment\u00f3 una \u00e9poca de decadencia con posterior valorizaci\u00f3n del importante patrimonio arquitect\u00f3nico: extensa muralla medieval, palacios renacentistas e iglesias rom\u00e1nicas. Remarc\u00f3 as\u00ed mismo la profunda huella que ha dejado y extendido al mundo la estancia en Soria de Antonio Machado y los numerosos versos que le dedic\u00f3, algunos de los cuales recit\u00f3 la gu\u00eda recibiendo numerosos aplausos.<\/p>\n<p align=\"justify\"><img loading=\"lazy\" decoding=\"async\" class=\" wp-image-11393 aligncenter\" src=\"http:\/\/www.prospereando.es\/wp-content\/uploads\/2019\/10\/Numancia1-300x200.jpg\" alt=\"\" width=\"475\" height=\"316\" srcset=\"https:\/\/www.prospereando.es\/wp-content\/uploads\/2019\/10\/Numancia1-300x200.jpg 300w, https:\/\/www.prospereando.es\/wp-content\/uploads\/2019\/10\/Numancia1.jpg 600w\" sizes=\"auto, (max-width: 475px) 100vw, 475px\" \/><\/p>\n<p align=\"justify\">La primera visita fue al yacimiento arqueol\u00f3gico de Numancia pudiendo recorrer las huellas de una ciudad romana de la Edad de Hierro y dos modelos de viviendas, celtib\u00e9rica y romana, reconstruidas con car\u00e1cter did\u00e1ctico y que proporcionan \u201cun aut\u00e9ntico viaje en el tiempo\u201d.<\/p>\n<p align=\"justify\">All\u00ed el gu\u00eda local narr\u00f3 con detalle c\u00f3mo a Numancia se la conoc\u00eda universalmente como ciudad heroica \u201cal resistir el cerco romano\u201d y que ha quedado como s\u00edmbolo de resistencia y lucha de un pueblo por su libertad y tambi\u00e9n de identidad soriana.<\/p>\n<p align=\"justify\">Tras la obligada reposici\u00f3n de fuerzas, degustando los ricos torreznos sorianos y otras viandas, se reanud\u00f3 el paseo por la calle principal de Soria \u201cEl Collado\u201d, el parque de \u201cLa Dehesa\u201d y monumentos como la iglesia de Santo Domingo con su magn\u00edfica fachada, una de las mejores del rom\u00e1nico castellano y espa\u00f1ol. En ella est\u00e1n representados los fundadores del templo, Alfonso VIII y su esposa, y una cruz de brazos calados y floreados.<br \/>\nDespu\u00e9s una parada delante del \u201cPalacio de los Condes de G\u00f3mara, arquitectura civil renacentista y actualmente palacio de justicia.<br \/>\nNo pod\u00eda faltar la contemplaci\u00f3n de los bustos de Antonio Machado y su esposa Leonor Izquierdo, obra del escultor Salvador Gallardo representados en el d\u00eda de su boda.<\/p>\n<p align=\"justify\"><img loading=\"lazy\" decoding=\"async\" class=\" wp-image-11394 aligncenter\" src=\"http:\/\/www.prospereando.es\/wp-content\/uploads\/2019\/10\/SanSaturio1-300x201.jpg\" alt=\"\" width=\"466\" height=\"312\" srcset=\"https:\/\/www.prospereando.es\/wp-content\/uploads\/2019\/10\/SanSaturio1-300x201.jpg 300w, https:\/\/www.prospereando.es\/wp-content\/uploads\/2019\/10\/SanSaturio1.jpg 600w\" sizes=\"auto, (max-width: 466px) 100vw, 466px\" \/><\/p>\n<p align=\"justify\">Y como final de la tarde la visita a la ermita de San Saturio, patr\u00f3n de Soria desde 1628, situada a las orillas del Duero y a la que se entra a trav\u00e9s de una gruta erem\u00edtica visigoda.<\/p>\n<p align=\"justify\">Tras una ardua subida de escalinatas sucesivas pudimos contemplar una vista privilegiada del r\u00edo Duero y su entorno de oto\u00f1ales chopos.<\/p>\n<p align=\"justify\">Ya de regreso a Madrid Ana nos hizo una actualizaci\u00f3n de las caracter\u00edsticas sorianas: su n\u00famero de habitantes de 39.112 que hace de Soria la capital de provincia menos poblada de Castilla y Le\u00f3n y la segunda menos poblada de Espa\u00f1a tras Teruel; su actividad deportiva muy favorecida con la creaci\u00f3n de nuevos polideportivos; su conocido club deportivo El Numancia y el campo de f\u00fatbol \u201cLos Pajaritos\u201d y la triste situaci\u00f3n de despoblaci\u00f3n de toda la provincia reivindicada en sus dotaciones por las recientes protestas de \u201cla Espa\u00f1a vaciada\u201d que urge atender por parte de los gobiernos.<\/p>\n<p align=\"justify\">Peter Handke, premio nobel de literatura 2019, dijo de Soria: \u201cesta ciudad de la meseta castellana apartada del mundo (\u2026) es el lugar m\u00e1s tranquilo y callado de toda la pen\u00ednsula, la Soria de Machado con largos caminos que llevan a lo virginal e inviolado del paisaje hall\u00f3 en Castilla un paisaje vac\u00edo que invitaba a la experiencia m\u00edstica\u201d.<\/p>\n<p align=\"justify\">Con ilusi\u00f3n, aplausos y agradecimientos, finaliz\u00f3 la excursi\u00f3n con muchas peticiones de repetir experiencias de convivencia y cultura.<\/p>\n","protected":false},"excerpt":{"rendered":"<p>La Asociaci\u00f3n Vecinal ha organizado una excursi\u00f3n a Soria en homenaje a Antonio Machado en el ochenta aniversario de su muerte y tambi\u00e9n porque dicha dicha ciudad ha sido declarada, este a\u00f1o, ciudad europea del deporte por la Federaci\u00f3n de Capitales Europeas y Ciudades del Deporte. Un numeroso y diverso grupo de socios y socias y de vecinos y vecinas del barrio se reunieron temprano en el autob\u00fas rumbo a Numancia y a Soria. Durante el recorrido la expresidenta de la Asociaci\u00f3n Ana Sanz, soriana y experta en turismo, fue &hellip; <\/p>\n","protected":false},"author":1,"featured_media":11392,"comment_status":"open","ping_status":"open","sticky":false,"template":"","format":"standard","meta":{"footnotes":""},"categories":[18],"tags":[],"class_list":["post-11391","post","type-post","status-publish","format-standard","has-post-thumbnail","hentry","category-cultura","sent_by-maribel-rodriguez-gorostiza"],"_links":{"self":[{"href":"https:\/\/www.prospereando.es\/index.php\/wp-json\/wp\/v2\/posts\/11391","targetHints":{"allow":["GET"]}}],"collection":[{"href":"https:\/\/www.prospereando.es\/index.php\/wp-json\/wp\/v2\/posts"}],"about":[{"href":"https:\/\/www.prospereando.es\/index.php\/wp-json\/wp\/v2\/types\/post"}],"author":[{"embeddable":true,"href":"https:\/\/www.prospereando.es\/index.php\/wp-json\/wp\/v2\/users\/1"}],"replies":[{"embeddable":true,"href":"https:\/\/www.prospereando.es\/index.php\/wp-json\/wp\/v2\/comments?post=11391"}],"version-history":[{"count":1,"href":"https:\/\/www.prospereando.es\/index.php\/wp-json\/wp\/v2\/posts\/11391\/revisions"}],"predecessor-version":[{"id":11395,"href":"https:\/\/www.prospereando.es\/index.php\/wp-json\/wp\/v2\/posts\/11391\/revisions\/11395"}],"wp:featuredmedia":[{"embeddable":true,"href":"https:\/\/www.prospereando.es\/index.php\/wp-json\/wp\/v2\/media\/11392"}],"wp:attachment":[{"href":"https:\/\/www.prospereando.es\/index.php\/wp-json\/wp\/v2\/media?parent=11391"}],"wp:term":[{"taxonomy":"category","embeddable":true,"href":"https:\/\/www.prospereando.es\/index.php\/wp-json\/wp\/v2\/categories?post=11391"},{"taxonomy":"post_tag","embeddable":true,"href":"https:\/\/www.prospereando.es\/index.php\/wp-json\/wp\/v2\/tags?post=11391"}],"curies":[{"name":"wp","href":"https:\/\/api.w.org\/{rel}","templated":true}]}}