{"id":11339,"date":"2019-10-13T22:53:06","date_gmt":"2019-10-13T20:53:06","guid":{"rendered":"http:\/\/www.prospereando.es\/?p=11339"},"modified":"2019-10-14T22:58:17","modified_gmt":"2019-10-14T20:58:17","slug":"dia-mundial-de-la-salud-mental-2019","status":"publish","type":"post","link":"https:\/\/www.prospereando.es\/index.php\/2019\/10\/13\/dia-mundial-de-la-salud-mental-2019\/","title":{"rendered":"D\u00eda Mundial de la Salud Mental 2019"},"content":{"rendered":"<p align=\"&quot;justify\"><img loading=\"lazy\" decoding=\"async\" class=\" wp-image-11347 aligncenter\" src=\"http:\/\/www.prospereando.es\/wp-content\/uploads\/2019\/10\/saludmental1-300x180.jpg\" alt=\"\" width=\"480\" height=\"288\" srcset=\"https:\/\/www.prospereando.es\/wp-content\/uploads\/2019\/10\/saludmental1-300x180.jpg 300w, https:\/\/www.prospereando.es\/wp-content\/uploads\/2019\/10\/saludmental1.jpg 600w\" sizes=\"auto, (max-width: 480px) 100vw, 480px\" \/><\/p>\n<p align=\"&quot;justify\">El pasado 10 de Octubre de 2019, y con motivo de la celebraci\u00f3n del D\u00eda Mundial de la Salud Mental, desde la Mesa Socio Sanitaria del distrito de Chamart\u00edn, donde colaboran, el Foro Local Mesa de Salud y Mayores, Servicio de Salud Mental, Madrid Salud, Recursos de Rehabilitaci\u00f3n de Salud Mental, el Centro Socio Comunitario Colonias Hist\u00f3ricas, la Asociaci\u00f3n Vecinal Valle-Incl\u00e1n y el espacio de Igualdad Nieves Torres con el objetivo de reivindicar el estigma asociado a las diferentes patolog\u00edas mentales.<\/p>\n<p align=\"&quot;justify\">Se pusieron en marcha diferentes iniciativas como carteles informativos y preventivos, actividades din\u00e1micas para fomentar la participaci\u00f3n de todos los ciudadanos, destinadas a desmitificar creencias err\u00f3neas sobre las personas que padecen alg\u00fan tipo de trastorno mental.<\/p>\n<p align=\"&quot;justify\"><img loading=\"lazy\" decoding=\"async\" class=\" wp-image-11349 aligncenter\" src=\"http:\/\/www.prospereando.es\/wp-content\/uploads\/2019\/10\/saludmantal2-300x193.jpg\" alt=\"\" width=\"471\" height=\"303\" srcset=\"https:\/\/www.prospereando.es\/wp-content\/uploads\/2019\/10\/saludmantal2-300x193.jpg 300w, https:\/\/www.prospereando.es\/wp-content\/uploads\/2019\/10\/saludmantal2.jpg 592w\" sizes=\"auto, (max-width: 471px) 100vw, 471px\" \/><\/p>\n<p align=\"&quot;justify\">En el mismo evento se realiz\u00f3 una concentraci\u00f3n donde participaron profesionales, familiares, usuarios y vecinos del distrito. Durante la concentraci\u00f3n se procedi\u00f3 a la lectura de un manifiesto reivindicativo que pretend\u00eda sensibilizar, concienciar y movilizar a la poblaci\u00f3n.<\/p>\n","protected":false},"excerpt":{"rendered":"<p>El pasado 10 de Octubre de 2019, y con motivo de la celebraci\u00f3n del D\u00eda Mundial de la Salud Mental, desde la Mesa Socio Sanitaria del distrito de Chamart\u00edn, donde colaboran, el Foro Local Mesa de Salud y Mayores, Servicio de Salud Mental, Madrid Salud, Recursos de Rehabilitaci\u00f3n de Salud Mental, el Centro Socio Comunitario Colonias Hist\u00f3ricas, la Asociaci\u00f3n Vecinal Valle-Incl\u00e1n y el espacio de Igualdad Nieves Torres con el objetivo de reivindicar el estigma asociado a las diferentes patolog\u00edas mentales.<\/p>\n","protected":false},"author":1,"featured_media":11347,"comment_status":"open","ping_status":"open","sticky":false,"template":"","format":"standard","meta":{"footnotes":""},"categories":[14,6],"tags":[],"class_list":["post-11339","post","type-post","status-publish","format-standard","has-post-thumbnail","hentry","category-ciudadania","category-sociedad","sent_by-gloria-cavanna"],"_links":{"self":[{"href":"https:\/\/www.prospereando.es\/index.php\/wp-json\/wp\/v2\/posts\/11339","targetHints":{"allow":["GET"]}}],"collection":[{"href":"https:\/\/www.prospereando.es\/index.php\/wp-json\/wp\/v2\/posts"}],"about":[{"href":"https:\/\/www.prospereando.es\/index.php\/wp-json\/wp\/v2\/types\/post"}],"author":[{"embeddable":true,"href":"https:\/\/www.prospereando.es\/index.php\/wp-json\/wp\/v2\/users\/1"}],"replies":[{"embeddable":true,"href":"https:\/\/www.prospereando.es\/index.php\/wp-json\/wp\/v2\/comments?post=11339"}],"version-history":[{"count":3,"href":"https:\/\/www.prospereando.es\/index.php\/wp-json\/wp\/v2\/posts\/11339\/revisions"}],"predecessor-version":[{"id":11350,"href":"https:\/\/www.prospereando.es\/index.php\/wp-json\/wp\/v2\/posts\/11339\/revisions\/11350"}],"wp:featuredmedia":[{"embeddable":true,"href":"https:\/\/www.prospereando.es\/index.php\/wp-json\/wp\/v2\/media\/11347"}],"wp:attachment":[{"href":"https:\/\/www.prospereando.es\/index.php\/wp-json\/wp\/v2\/media?parent=11339"}],"wp:term":[{"taxonomy":"category","embeddable":true,"href":"https:\/\/www.prospereando.es\/index.php\/wp-json\/wp\/v2\/categories?post=11339"},{"taxonomy":"post_tag","embeddable":true,"href":"https:\/\/www.prospereando.es\/index.php\/wp-json\/wp\/v2\/tags?post=11339"}],"curies":[{"name":"wp","href":"https:\/\/api.w.org\/{rel}","templated":true}]}}