{"id":1053,"date":"2012-04-03T13:57:13","date_gmt":"2012-04-03T13:57:13","guid":{"rendered":"http:\/\/www.prospereando.es\/?p=1053"},"modified":"2012-04-03T13:57:13","modified_gmt":"2012-04-03T13:57:13","slug":"prosperidad-en-la-huelga-general","status":"publish","type":"post","link":"https:\/\/www.prospereando.es\/index.php\/2012\/04\/03\/prosperidad-en-la-huelga-general\/","title":{"rendered":"PROSPERIDAD EN LA HUELGA GENERAL"},"content":{"rendered":"<p>En el barrio de Prosperidad la huelga general del d\u00eda 29 dio comienzo a las cero horas en la Plaza, con una cacerolada avisando a los vecinos del inicio de la huelga. Se concentraron grupos de IU, Escuela Popular, Asociaci\u00f3n Valle-Incl\u00e1n y Movimiento 15M que, con posterioridad, hicieron un breve recorrido por las calles adyacentes. Algunos comercios ya hab\u00edan puesto pegatinas en sus cierres en los que comunicaban a los clientes que su establecimiento permanecer\u00eda cerrado durante el d\u00eda de la huelga. <\/p>\n<p>A las 18:30 horas, unos en la Plaza de Cibeles con la convocatoria de UGT y CCOO y otros en Legazpi con la de CNT, 15M y CGT se unieron a la gran manifestaci\u00f3n que tuvo lugar en Madrid.<\/p>\n<p>Asistencia masiva, multitudes era lo que se ve\u00eda en el Paseo del Prado, Cibeles y calle de Alcal\u00e1 hasta la Puerta del Sol. Sobresal\u00eda mucha gente joven participando en la marcha, algo que desde hace a\u00f1os no ocurr\u00eda en la capital de Espa\u00f1a. <\/p>\n<p><img loading=\"lazy\" decoding=\"async\" width=\"420\" height=\"315\" src=\"http:\/\/www.prospereando.es\/wp-content\/uploads\/2012\/04\/9890c.jpg\" class=\"alignleft size-medium\" id=\"wp-image-3350\" title=\"No a la reforma laboral\" alt=\"Foto de pancarta con el lema No a la reforma laboral\" srcset=\"https:\/\/www.prospereando.es\/wp-content\/uploads\/2012\/04\/9890c.jpg 420w, https:\/\/www.prospereando.es\/wp-content\/uploads\/2012\/04\/9890c-300x225.jpg 300w\" sizes=\"auto, (max-width: 420px) 100vw, 420px\" \/><\/p>\n<p>La cabecera de la manifestaci\u00f3n parti\u00f3 a las seis y media de la tarde de la Plaza de Neptuno y no hizo su aparici\u00f3n en la Puerta del Sol hasta las nueve de la noche, dando esto idea de la lentitud con la que tuvo que transcurrir por la presencia de una aut\u00e9ntica marea humana que apenas se pod\u00eda desplazar. Se coreaba: \u201cescucha Mariano, no llegas al verano\u201d, \u201cluego dir\u00e9is que somos cinco o seis\u201d y \u201chuelga..\u201d. Y en el aluvi\u00f3n de pancartas de todos los tama\u00f1os, modelos y confecci\u00f3n se pod\u00eda leer: \u201creforma laboral violencia legal\u201d; \u201ccon estos recortes baja el consumo y hay m\u00e1s paro\u201d; \u201ccerrado por huelga\u201d; \u201chuelga hasta parar su guerra asocial\u201d; \u201cno, Guant\u00e1namo laboral no\u201d; \u201cno a la reforma laboral que despide barato\u201d. Entre banderines de los sindicatos CCOO y UGT hac\u00edan notar su presencia los trabajadores del Teatro Real contra la reforma laboral, la Uni\u00f3n de Actores y un nutrido grupo de chilenos. En Sol los discursos de los l\u00edderes sindicales, apoyados en el descontento popular, ped\u00edan negociaci\u00f3n al gobierno. <\/p>\n<p>Seg\u00fan se ha dicho en diversos medios de comunicaci\u00f3n las manifestaciones han sido un \u00e9xito en todas las ciudades de Espa\u00f1a y ha resaltado en esta ocasi\u00f3n la nutrida presencia de j\u00f3venes. <\/p>\n","protected":false},"excerpt":{"rendered":"<p> En el barrio de Prosperidad la huelga general del d\u00eda 29 dio comienzo a las cero horas en la Plaza, con una cacerolada avisando a los vecinos del inicio de la huelga.<\/p>\n","protected":false},"author":1,"featured_media":3351,"comment_status":"closed","ping_status":"open","sticky":false,"template":"","format":"standard","meta":{"footnotes":""},"categories":[9],"tags":[],"class_list":["post-1053","post","type-post","status-publish","format-standard","has-post-thumbnail","hentry","category-trabajo"],"_links":{"self":[{"href":"https:\/\/www.prospereando.es\/index.php\/wp-json\/wp\/v2\/posts\/1053","targetHints":{"allow":["GET"]}}],"collection":[{"href":"https:\/\/www.prospereando.es\/index.php\/wp-json\/wp\/v2\/posts"}],"about":[{"href":"https:\/\/www.prospereando.es\/index.php\/wp-json\/wp\/v2\/types\/post"}],"author":[{"embeddable":true,"href":"https:\/\/www.prospereando.es\/index.php\/wp-json\/wp\/v2\/users\/1"}],"replies":[{"embeddable":true,"href":"https:\/\/www.prospereando.es\/index.php\/wp-json\/wp\/v2\/comments?post=1053"}],"version-history":[{"count":0,"href":"https:\/\/www.prospereando.es\/index.php\/wp-json\/wp\/v2\/posts\/1053\/revisions"}],"wp:featuredmedia":[{"embeddable":true,"href":"https:\/\/www.prospereando.es\/index.php\/wp-json\/wp\/v2\/media\/3351"}],"wp:attachment":[{"href":"https:\/\/www.prospereando.es\/index.php\/wp-json\/wp\/v2\/media?parent=1053"}],"wp:term":[{"taxonomy":"category","embeddable":true,"href":"https:\/\/www.prospereando.es\/index.php\/wp-json\/wp\/v2\/categories?post=1053"},{"taxonomy":"post_tag","embeddable":true,"href":"https:\/\/www.prospereando.es\/index.php\/wp-json\/wp\/v2\/tags?post=1053"}],"curies":[{"name":"wp","href":"https:\/\/api.w.org\/{rel}","templated":true}]}}