{"id":1049,"date":"2012-03-30T21:08:36","date_gmt":"2012-03-30T21:08:36","guid":{"rendered":"http:\/\/www.prospereando.es\/?p=1049"},"modified":"2012-03-30T21:26:02","modified_gmt":"2012-03-30T21:26:02","slug":"la-libreria-el-buscon-cumple-35-anos","status":"publish","type":"post","link":"https:\/\/www.prospereando.es\/index.php\/2012\/03\/30\/la-libreria-el-buscon-cumple-35-anos\/","title":{"rendered":"La librer\u00eda El Busc\u00f3n cumple 35 a\u00f1os"},"content":{"rendered":"<p>Tres generaciones de vecinos del barrio de Prosperidad han comprado libros en El Busc\u00f3n<\/p>\n<p>Que en tiempos de crisis una librer\u00eda de barrio cumpla 35 a\u00f1os es noticia. Nacida en abril de 1977, la Librer\u00eda El Busc\u00f3n, en la calle Cardenal Sil\u00edceo, 8, de Madrid, en pleno barrio de La Prosperidad, celebra su 35 aniversario con orgullo y con un regalo para los clientes y amigos, la Librer\u00eda El Busc\u00f3n har\u00e1 un 5% de descuento especial durante todo el mes de abril (que es el m\u00e1ximo que se permite). En el D\u00eda del Libro ese descuento ser\u00e1 del 10% .<\/p>\n<p>\u201cLo que m\u00e1s me satisface es que ya hemos dado servicio a tres generaciones de vecinos\u201d, afirma Luis Sancho, director y alma mater de este centro cultural que en estos a\u00f1os ha aconsejado, buscado y vendido m\u00e1s de medio mill\u00f3n de libros.<\/p>\n<p>Nacida en plena Transici\u00f3n, la librer\u00eda El Busc\u00f3n se fue especializando con el tiempo en Filosof\u00eda. En sus estantes se pueden encontrar todas las tendencias del pensamiento universal, algunas de ellas estuvieron prohibidas. Esa ha sido su aportaci\u00f3n y en parte su raz\u00f3n de ser. No en vano este comercio de la letra impresa naci\u00f3 impulsado por la <a href=\"http:\/\/www.aavvmadrid.org\/valleinclanprosperidad\" target=\"_blank\">Asociaci\u00f3n de Vecinos Valle-Incl\u00e1n Prosperidad<\/a> y las opiniones de la gente del barrio, que entonces no contaba con un servicio cultural de estas caracter\u00edsticas.<\/p>\n<p><img loading=\"lazy\" decoding=\"async\" width=\"420\" height=\"271\" src=\"http:\/\/www.prospereando.es\/wp-content\/uploads\/2012\/03\/9891c.jpg\" class=\"alignleft size-medium\" id=\"wp-image-3348\" title=\"Librer\u00eda El Busc\u00f3n, en la calle Cardenal Sil\u00edceo 8, de Madrid.\" alt=\"Foto de la fachada de la Librer\u00eda El Busc\u00f3n, en la calle Cardenal Sil\u00edceo 8, de Madrid.\" srcset=\"https:\/\/www.prospereando.es\/wp-content\/uploads\/2012\/03\/9891c.jpg 420w, https:\/\/www.prospereando.es\/wp-content\/uploads\/2012\/03\/9891c-300x194.jpg 300w\" sizes=\"auto, (max-width: 420px) 100vw, 420px\" \/><\/p>\n<p>Su labor en pro de la cultura fue reconocida en 1985 por el Ministerio de Cultura que le concedi\u00f3 el Premio Nacional a la Mejor Labor de Divulgaci\u00f3n Cultural. Y es que adem\u00e1s de vender libros, El Busc\u00f3n ha sido punto de encuentro, charlas y seminarios por los que han pasado Rafael S\u00e1nchez Ferlosio, Carmen Mart\u00edn Gaite, Bel\u00e9n Gopegui, Javier Muguerza, Emilio Lled\u00f3 y otros escritores.<\/p>\n<p>El tiempo ha mantenido bien a El Busc\u00f3n que est\u00e1 incluso m\u00e1s viva que cuando naci\u00f3. Con sus fondos de m\u00e1s de 14.000 libros, de los que m\u00e1s de la mitad son de Humanidades, el continuo trasiego de clientes da prueba de ello. <\/p>\n<p>Contra viento y marea y navegando contra la crisis, una librer\u00eda de barrio sobrevive en medio de la tormenta. Ya es el comercio m\u00e1s antiguo de su calle. \u201cHa sido dif\u00edcil mantenerse. Esta es la tercera crisis que afrontamos. Pero resistimos y seguiremos dando servicio a la Prospe durante muchos a\u00f1os m\u00e1s\u201d, concluyen Luis Sancho y Concha L\u00f3pez. Felicidades.<\/p>\n<p>Para m\u00e1s informaci\u00f3n: Luis Sancho: 91 413 01 32 \/ elbuscon@elbuscon.es<br \/>Para consulta de su fondo editorial y pedidos: <a target=\"_blank\" href=\"http:\/\/www.elbuscon.es\/\">www.elbuscon.es<\/a> <\/p>\n","protected":false},"excerpt":{"rendered":"<p> Tres generaciones de vecinos del barrio de Prosperidad han comprado libros en El Busc\u00f3nQue en tiempos de crisis una librer\u00eda de barrio cumpla 35 a\u00f1os es noticia. Nacida en abril de 1977, la Librer\u00eda El Busc\u00f3n, en la calle Cardenal Sil\u00edceo, 8, de Madrid, en pleno barrio de La Prosperidad, celebra su 35 aniversario con orgullo y con un regalo para los clientes y amigos, la Librer\u00eda El Busc\u00f3n har\u00e1 un 5% de descuento especial durante todo el mes de abril (que es el m\u00e1ximo que se permite). En el D\u00eda del Libro ese descuento ser\u00e1 del 10% .<\/p>\n","protected":false},"author":1,"featured_media":3349,"comment_status":"closed","ping_status":"open","sticky":false,"template":"","format":"standard","meta":{"footnotes":""},"categories":[18],"tags":[],"class_list":["post-1049","post","type-post","status-publish","format-standard","has-post-thumbnail","hentry","category-cultura"],"_links":{"self":[{"href":"https:\/\/www.prospereando.es\/index.php\/wp-json\/wp\/v2\/posts\/1049","targetHints":{"allow":["GET"]}}],"collection":[{"href":"https:\/\/www.prospereando.es\/index.php\/wp-json\/wp\/v2\/posts"}],"about":[{"href":"https:\/\/www.prospereando.es\/index.php\/wp-json\/wp\/v2\/types\/post"}],"author":[{"embeddable":true,"href":"https:\/\/www.prospereando.es\/index.php\/wp-json\/wp\/v2\/users\/1"}],"replies":[{"embeddable":true,"href":"https:\/\/www.prospereando.es\/index.php\/wp-json\/wp\/v2\/comments?post=1049"}],"version-history":[{"count":0,"href":"https:\/\/www.prospereando.es\/index.php\/wp-json\/wp\/v2\/posts\/1049\/revisions"}],"wp:featuredmedia":[{"embeddable":true,"href":"https:\/\/www.prospereando.es\/index.php\/wp-json\/wp\/v2\/media\/3349"}],"wp:attachment":[{"href":"https:\/\/www.prospereando.es\/index.php\/wp-json\/wp\/v2\/media?parent=1049"}],"wp:term":[{"taxonomy":"category","embeddable":true,"href":"https:\/\/www.prospereando.es\/index.php\/wp-json\/wp\/v2\/categories?post=1049"},{"taxonomy":"post_tag","embeddable":true,"href":"https:\/\/www.prospereando.es\/index.php\/wp-json\/wp\/v2\/tags?post=1049"}],"curies":[{"name":"wp","href":"https:\/\/api.w.org\/{rel}","templated":true}]}}