{"id":1036,"date":"2012-03-23T14:30:10","date_gmt":"2012-03-23T14:30:10","guid":{"rendered":"http:\/\/www.prospereando.es\/?p=1036"},"modified":"2012-09-04T13:52:58","modified_gmt":"2012-09-04T13:52:58","slug":"taller-de-reflexologia","status":"publish","type":"post","link":"https:\/\/www.prospereando.es\/index.php\/2012\/03\/23\/taller-de-reflexologia\/","title":{"rendered":"Taller de Reflexolog\u00eda"},"content":{"rendered":"<p>El jueves 15 de marzo tuvo lugar en la Asociaci\u00f3n de Vecinos Valle-Incl\u00e1n de Prosperidad, el Taller de Reflexolog\u00eda, dentro del Ciclo \u201cCOMPARTIR SABERES\u201d. <\/p>\n<p>La profesora, Pilar Carmona, centr\u00f3 su intervenci\u00f3n sobre la reflexolog\u00eda del pie, explicando la aplicaci\u00f3n de las diferentes presiones sobre el pie de una persona, el cual est\u00e1 dividido en un cierto n\u00famero de zonas reflejas correspondiente a todas las partes del cuerpo, facilitando la obtenci\u00f3n de energ\u00eda vital y ayudando a estimular el sistema inmunol\u00f3gico, creando de este modo un cuerpo fuerte y una mente tranquila.<\/p>\n<p>Las personas participantes del taller, realizaron por parejas la parte pr\u00e1ctica, despu\u00e9s de ver a la profesora realizar los ejercicios con una voluntaria. En un clima de silencio y concentraci\u00f3n se desarroll\u00f3 la actividad antes descrita, manifestando los componentes del taller al acabar el mismo, una alta satisfacci\u00f3n por los resultados obtenidos.<\/p>\n<p><img loading=\"lazy\" decoding=\"async\" width=\"580\" height=\"370\" src=\"http:\/\/www.prospereando.es\/wp-content\/uploads\/2012\/03\/9894c.jpg\" class=\"alignleft size-medium\" id=\"wp-image-3341\" title=\"Puntos sensibles en reflexolog\u00eda\" alt=\"Imagen de pies con los puntos sensibles en reflexolog\u00eda\" srcset=\"https:\/\/www.prospereando.es\/wp-content\/uploads\/2012\/03\/9894c.jpg 580w, https:\/\/www.prospereando.es\/wp-content\/uploads\/2012\/03\/9894c-300x191.jpg 300w\" sizes=\"auto, (max-width: 580px) 100vw, 580px\" \/> <\/p>\n","protected":false},"excerpt":{"rendered":"<p> El jueves 15 de marzo tuvo lugar en la Asociaci\u00f3n de Vecinos Valle-Incl\u00e1n de Prosperidad, el Taller de Reflexolog\u00eda, dentro del Ciclo \u201cCOMPARTIR SABERES\u201d.<\/p>\n","protected":false},"author":1,"featured_media":3342,"comment_status":"closed","ping_status":"open","sticky":false,"template":"","format":"standard","meta":{"footnotes":""},"categories":[11],"tags":[],"class_list":["post-1036","post","type-post","status-publish","format-standard","has-post-thumbnail","hentry","category-sanidad"],"_links":{"self":[{"href":"https:\/\/www.prospereando.es\/index.php\/wp-json\/wp\/v2\/posts\/1036","targetHints":{"allow":["GET"]}}],"collection":[{"href":"https:\/\/www.prospereando.es\/index.php\/wp-json\/wp\/v2\/posts"}],"about":[{"href":"https:\/\/www.prospereando.es\/index.php\/wp-json\/wp\/v2\/types\/post"}],"author":[{"embeddable":true,"href":"https:\/\/www.prospereando.es\/index.php\/wp-json\/wp\/v2\/users\/1"}],"replies":[{"embeddable":true,"href":"https:\/\/www.prospereando.es\/index.php\/wp-json\/wp\/v2\/comments?post=1036"}],"version-history":[{"count":0,"href":"https:\/\/www.prospereando.es\/index.php\/wp-json\/wp\/v2\/posts\/1036\/revisions"}],"wp:featuredmedia":[{"embeddable":true,"href":"https:\/\/www.prospereando.es\/index.php\/wp-json\/wp\/v2\/media\/3342"}],"wp:attachment":[{"href":"https:\/\/www.prospereando.es\/index.php\/wp-json\/wp\/v2\/media?parent=1036"}],"wp:term":[{"taxonomy":"category","embeddable":true,"href":"https:\/\/www.prospereando.es\/index.php\/wp-json\/wp\/v2\/categories?post=1036"},{"taxonomy":"post_tag","embeddable":true,"href":"https:\/\/www.prospereando.es\/index.php\/wp-json\/wp\/v2\/tags?post=1036"}],"curies":[{"name":"wp","href":"https:\/\/api.w.org\/{rel}","templated":true}]}}