{"id":1035,"date":"2012-03-22T13:57:36","date_gmt":"2012-03-22T13:57:36","guid":{"rendered":"http:\/\/www.prospereando.es\/?p=1035"},"modified":"2012-03-22T13:57:40","modified_gmt":"2012-03-22T13:57:40","slug":"una-carrera-por-un-pueblo","status":"publish","type":"post","link":"https:\/\/www.prospereando.es\/index.php\/2012\/03\/22\/una-carrera-por-un-pueblo\/","title":{"rendered":"Una carrera por un pueblo"},"content":{"rendered":"<p>Como sucede desde hace doce a\u00f1os corredores internacionales y saharauis han competido y confraternizado a lo largo de un des\u00e9rtico paisaje de arena, sol y horizonte, s\u00f3lo roto al paso por los campamentos de El Aaiun, Auserd y Smara, donde miles de refugiados saharauis se volcaron animando a los corredores llegados de lejos.<\/p>\n<p>Carreras de Marat\u00f3n, Medio Marat\u00f3n, 10 km, 5 km y una multitudinaria carrera de ni\u00f1os saharauis se han celebrado en los campamentos de Tindouf. <br \/>Tres socias de la A.VV. Valle-Incl\u00e1n Prosperidad han viajado a los campamentos de refugiados saharauis de Tindouf (Argelia) con la XII edici\u00f3n del Sahara Marathon.<\/p>\n<p><img loading=\"lazy\" decoding=\"async\" width=\"420\" height=\"315\" src=\"http:\/\/www.prospereando.es\/wp-content\/uploads\/2012\/03\/9895c1.jpg\" class=\"alignleft size-medium\" id=\"wp-image-3338\" title=\"Grupo de cooperantes\" alt=\"Foto de un grupo de cooperantes\" srcset=\"https:\/\/www.prospereando.es\/wp-content\/uploads\/2012\/03\/9895c1.jpg 420w, https:\/\/www.prospereando.es\/wp-content\/uploads\/2012\/03\/9895c1-300x225.jpg 300w\" sizes=\"auto, (max-width: 420px) 100vw, 420px\" \/><\/p>\n<p>Desde 2001 voluntarios internacionales organizan estas jornadas entre deportivas y de confraternizaci\u00f3n con el objetivo de conseguir fondos para el desarrollo de proyectos humanitarios. Al margen de la entrega peri\u00f3dica de material deportivo, medicamentos y alimentos, cada a\u00f1o se desarrolla un proyecto solidario en los campamentos. Las zancadas en medio del desierto se han transformado en pistas deportivas, planes de formaci\u00f3n, escuelas de deporte y centros juveniles. <br \/><img loading=\"lazy\" decoding=\"async\" width=\"420\" height=\"315\" src=\"http:\/\/www.prospereando.es\/wp-content\/uploads\/2012\/03\/9895c2.jpg\" class=\"alignleft size-medium\" id=\"wp-image-3339\" title=\"Solidaridad con los Saharauis\" alt=\"Foto de un autob\u00fas de ayuda humanitaria\" srcset=\"https:\/\/www.prospereando.es\/wp-content\/uploads\/2012\/03\/9895c2.jpg 420w, https:\/\/www.prospereando.es\/wp-content\/uploads\/2012\/03\/9895c2-300x225.jpg 300w\" sizes=\"auto, (max-width: 420px) 100vw, 420px\" \/>En paralelo a los proyectos de la propia organizaci\u00f3n, muchos corredores emprenden iniciativas particulares de ayuda a discapacitados, apoyo a la escuela de ni\u00f1os ciegos, ciclos de formaci\u00f3n deportiva para mujeres, programas de cirug\u00eda oftalmol\u00f3gica y otros muchos.<\/p>\n<p>Al acto de presentaci\u00f3n de la carrera, celebrado en el campamento de Smara, acudi\u00f3 Mohammed Moulud Mohamed Fadel, ministro de Juventud y Deportes de la Rep\u00fablica \u00c1rabe Saharaui Democr\u00e1tica (RASD), qui\u00e9n calific\u00f3 el Marat\u00f3n como &quot;un evento solidario especial unido por una sola causa: la solidaridad y el apoyo a la lucha del pueblo saharaui por su libertad, dignidad, autodeterminaci\u00f3n e independencia&quot;.<\/p>\n<p>Moulud aprovech\u00f3 la ocasi\u00f3n para &quot;condenar el secuestro&quot; en el campamento de Rabuni de los cooperantes espa\u00f1oles Ainhoa Fern\u00e1ndez, Rossella Urru y Enric Gonyalons el pasado mes de octubre, y mostr\u00f3 su deseo de &quot;una pronta liberaci\u00f3n&quot;.<\/p>\n<p>Sin lugar a dudas, los actos m\u00e1s entra\u00f1ables han sido los que involucran a los m\u00e1s peque\u00f1os como la multitudinaria carrera de ni\u00f1os, que han disfrutado de su gran cita del a\u00f1o, corriendo por el campamento de Smara. Es sin duda uno de los momentos m\u00e1s espectaculares e impactantes del Sahara Marathon. Aunque lo m\u00e1s emocionante fue la presentaci\u00f3n del proyecto Desayunos en la Escuela que los chefs Paco Roncero, Dar\u00edo Barrio y Jos\u00e9 Luis Estevan han promovido a trav\u00e9s de la plataforma www.deportistassolidarios.com. <br \/>En la guarder\u00eda de la daira de Tifariti se ha comenzado a suministrar desayunos diarios para m\u00e1s de 150 ni\u00f1os. Los chefs y los participantes han quedado sobrecogidos por la alegr\u00eda de los peque\u00f1os y por la idoneidad de esta acci\u00f3n, que pretenden hacer perdurar en el tiempo, con lo cual el periodo de captaci\u00f3n de fondos a trav\u00e9s de la web se va a ampliar. A este proyecto se han unido vecinos y vecinas de la Prospe aportando dinero, que fue entregado en mano por nuestras socias en el acto de presentaci\u00f3n.<\/p>\n<p>No es esta la \u00fanica iniciativa de los tres chefs, que adem\u00e1s han participado en un curioso concurso gastron\u00f3mico con mujeres saharauis. Un simp\u00e1tico intercambio cultural a trav\u00e9s del cual hemos conocido la gastronom\u00eda saharaui pero con los toques maestros de tres de nuestros mejores cocineros. Pinchos de joroba de camello, tortilla de patata, cus cus con cabra o tostas de arroz con carne y almendras han sido algunos de los platos de esta \u201cnueva cocina saharaui\u201d.<\/p>\n<p>En el curso 2011-12, Proyecto Sahara ha comenzado la campa\u00f1a de hermanamiento de colegios espa\u00f1oles y saharauis. Un programa de concienciaci\u00f3n y ayuda humanitaria para fomentar la solidaridad desde las escuelas y contribuir a la mejora del sistema educativo en los campamentos.<\/p>\n<p>Durante una semana nuestras tres \u201cenviadas especiales\u201d han convivido con una familia saharaui, impregn\u00e1ndose de una experiencia intercultural \u00fanica. Han participado en la carrera y han asistido a la presentaci\u00f3n y desarrollo de todos estos proyectos solidarios. <br \/>En el coraz\u00f3n de todos est\u00e1 la esperanza de que los campamentos de refugiados desaparezcan pronto, porque las miles de familias saharauis hayan regresado a su leg\u00edtima tierra. Mientras eso no suceda el Sahara Marathon continuar\u00e1 fielmente con su proyecto solidario y deportivo. <\/p>\n","protected":false},"excerpt":{"rendered":"<p> Como sucede desde hace doce a\u00f1os corredores internacionales y saharauis han competido y confraternizado a lo largo de un des\u00e9rtico paisaje de arena, sol y horizonte, s\u00f3lo roto al paso por los campamentos de El Aaiun, Auserd y Smara, donde miles de refugiados saharauis se volcaron animando a los corredores llegados de lejos.<\/p>\n","protected":false},"author":1,"featured_media":3340,"comment_status":"closed","ping_status":"open","sticky":false,"template":"","format":"standard","meta":{"footnotes":""},"categories":[16],"tags":[],"class_list":["post-1035","post","type-post","status-publish","format-standard","has-post-thumbnail","hentry","category-derechos-humanos"],"_links":{"self":[{"href":"https:\/\/www.prospereando.es\/index.php\/wp-json\/wp\/v2\/posts\/1035","targetHints":{"allow":["GET"]}}],"collection":[{"href":"https:\/\/www.prospereando.es\/index.php\/wp-json\/wp\/v2\/posts"}],"about":[{"href":"https:\/\/www.prospereando.es\/index.php\/wp-json\/wp\/v2\/types\/post"}],"author":[{"embeddable":true,"href":"https:\/\/www.prospereando.es\/index.php\/wp-json\/wp\/v2\/users\/1"}],"replies":[{"embeddable":true,"href":"https:\/\/www.prospereando.es\/index.php\/wp-json\/wp\/v2\/comments?post=1035"}],"version-history":[{"count":0,"href":"https:\/\/www.prospereando.es\/index.php\/wp-json\/wp\/v2\/posts\/1035\/revisions"}],"wp:featuredmedia":[{"embeddable":true,"href":"https:\/\/www.prospereando.es\/index.php\/wp-json\/wp\/v2\/media\/3340"}],"wp:attachment":[{"href":"https:\/\/www.prospereando.es\/index.php\/wp-json\/wp\/v2\/media?parent=1035"}],"wp:term":[{"taxonomy":"category","embeddable":true,"href":"https:\/\/www.prospereando.es\/index.php\/wp-json\/wp\/v2\/categories?post=1035"},{"taxonomy":"post_tag","embeddable":true,"href":"https:\/\/www.prospereando.es\/index.php\/wp-json\/wp\/v2\/tags?post=1035"}],"curies":[{"name":"wp","href":"https:\/\/api.w.org\/{rel}","templated":true}]}}