{"id":1028,"date":"2012-03-12T13:24:15","date_gmt":"2012-03-12T13:24:15","guid":{"rendered":"http:\/\/www.prospereando.es\/?p=1028"},"modified":"2012-03-12T13:26:01","modified_gmt":"2012-03-12T13:26:01","slug":"la-huelga-general-en-el-horizonte","status":"publish","type":"post","link":"https:\/\/www.prospereando.es\/index.php\/2012\/03\/12\/la-huelga-general-en-el-horizonte\/","title":{"rendered":"LA HUELGA GENERAL EN EL HORIZONTE"},"content":{"rendered":"<p>En sesenta ciudades espa\u00f1olas, miles de ciudadanos han salido a la calle convocados por los Sindicatos, para protestar contra La Reforma Laboral, y dar un paso m\u00e1s hac\u00eda la huelga general del 29 de Marzo.<\/p>\n<p>En Madrid con tiempo casi veraniego, la Manifestaci\u00f3n ha partido de la Plaza de Neptuno, a las doce horas, para finalizar en la Puerta de Alcal\u00e1.<br \/><img loading=\"lazy\" decoding=\"async\" width=\"420\" height=\"315\" src=\"http:\/\/www.prospereando.es\/wp-content\/uploads\/2012\/03\/9896c.jpg\" class=\"alignleft size-medium\" id=\"wp-image-3336\" title=\"Contra los recortes, huelga general el 29 de Marzo de 2012\" alt=\"Foto de Pancarta contra los recortes, huelga general\" srcset=\"https:\/\/www.prospereando.es\/wp-content\/uploads\/2012\/03\/9896c.jpg 420w, https:\/\/www.prospereando.es\/wp-content\/uploads\/2012\/03\/9896c-300x225.jpg 300w\" sizes=\"auto, (max-width: 420px) 100vw, 420px\" \/><\/p>\n<p>En la cabecera una gran pancarta con el lema: \u201cNo a la reforma Laboral, in\u00fatil, ineficaz e injusta, defiende tus Derechos y los Servicios P\u00fablicos\u201d y otras miles de pancartas, recorr\u00edan el Paseo del Prado y la calle de Alcal\u00e1 portadas por manifestantes de todas las edades, en algunas de las cuales se pod\u00eda leer: \u201cReforma Laboral, violencia legal\u201d, \u201cDefendamos los Servicios P\u00fablicos\u201d, \u201cPueblos de Europa, levantaos\u201d, \u201cCon estos recortes, baja el consumo y hay m\u00e1s paro\u201d. <\/p>\n<p>Banderas multicolores, moradas, verdes, rojas, amarillas, blancas, representaban a Partidos, Sindicatos, Grupos diversos y Vecinos de Madrid, entre los que se hallaban amigos de ATTAC, y socios de la Asociaci\u00f3n de Vecinos Valle-Incl\u00e1n de Prosperidad. Mientras la gente avanzaba por el Paseo del Prado, se coreaba \u201cas\u00ed, as\u00ed ni un paso atr\u00e1s, contra la reforma Huelga General\u201d y otros esl\u00f3ganes relativos a los Recortes de Educaci\u00f3n y Sanidad.<\/p>\n<p>Al finalizar, los dos l\u00edderes sindicales, Fern\u00e1ndez Toxo y C\u00e1ndido M\u00e9ndez han guardado un minuto de silencio y han recordado a las v\u00edctimas del 11M, antes de dirigirse a los presentes con sendos discursos, pidiendo al Gobierno, que paralice la reforma laboral y se siente a hablar con los Sindicatos. <\/p>\n","protected":false},"excerpt":{"rendered":"<p> En sesenta ciudades espa\u00f1olas, miles de ciudadanos han salido a la calle convocados por los Sindicatos, para protestar contra La Reforma Laboral, y dar un paso m\u00e1s hac\u00eda la huelga general del 29 de Marzo.<\/p>\n","protected":false},"author":1,"featured_media":3337,"comment_status":"closed","ping_status":"open","sticky":false,"template":"","format":"standard","meta":{"footnotes":""},"categories":[14],"tags":[],"class_list":["post-1028","post","type-post","status-publish","format-standard","has-post-thumbnail","hentry","category-ciudadania"],"_links":{"self":[{"href":"https:\/\/www.prospereando.es\/index.php\/wp-json\/wp\/v2\/posts\/1028","targetHints":{"allow":["GET"]}}],"collection":[{"href":"https:\/\/www.prospereando.es\/index.php\/wp-json\/wp\/v2\/posts"}],"about":[{"href":"https:\/\/www.prospereando.es\/index.php\/wp-json\/wp\/v2\/types\/post"}],"author":[{"embeddable":true,"href":"https:\/\/www.prospereando.es\/index.php\/wp-json\/wp\/v2\/users\/1"}],"replies":[{"embeddable":true,"href":"https:\/\/www.prospereando.es\/index.php\/wp-json\/wp\/v2\/comments?post=1028"}],"version-history":[{"count":0,"href":"https:\/\/www.prospereando.es\/index.php\/wp-json\/wp\/v2\/posts\/1028\/revisions"}],"wp:featuredmedia":[{"embeddable":true,"href":"https:\/\/www.prospereando.es\/index.php\/wp-json\/wp\/v2\/media\/3337"}],"wp:attachment":[{"href":"https:\/\/www.prospereando.es\/index.php\/wp-json\/wp\/v2\/media?parent=1028"}],"wp:term":[{"taxonomy":"category","embeddable":true,"href":"https:\/\/www.prospereando.es\/index.php\/wp-json\/wp\/v2\/categories?post=1028"},{"taxonomy":"post_tag","embeddable":true,"href":"https:\/\/www.prospereando.es\/index.php\/wp-json\/wp\/v2\/tags?post=1028"}],"curies":[{"name":"wp","href":"https:\/\/api.w.org\/{rel}","templated":true}]}}