{"id":1018,"date":"2012-03-06T12:48:50","date_gmt":"2012-03-06T12:48:50","guid":{"rendered":"http:\/\/www.prospereando.es\/?p=1018"},"modified":"2012-03-06T19:34:35","modified_gmt":"2012-03-06T19:34:35","slug":"mas-de-165000-madrilenos-contra-la-privatizacion-del-agua","status":"publish","type":"post","link":"https:\/\/www.prospereando.es\/index.php\/2012\/03\/06\/mas-de-165000-madrilenos-contra-la-privatizacion-del-agua\/","title":{"rendered":"M\u00e1s de 165.000 madrile\u00f1os contra la privatizaci\u00f3n del agua"},"content":{"rendered":"<p>El 99 por ciento de los participantes en la consulta ciudadana, m\u00e1s de 165.000 madrile\u00f1os, no quieren que se privatice el canal de Isabel II, 319 mesas se distribuyeron por los distintos barrios.<\/p>\n<p>En Prosperidad, tres urnas recibieron las papeletas de los vecinos que desde las 11 de la ma\u00f1ana formaron colas&nbsp;en la Plaza para depositar su voto.<\/p>\n<p><img loading=\"lazy\" decoding=\"async\" width=\"420\" height=\"279\" src=\"http:\/\/www.prospereando.es\/wp-content\/uploads\/2012\/03\/9899c.jpg\" class=\"alignleft size-medium\" id=\"wp-image-3330\" title=\"Urna recibiendo un voto durante la consulta popular\" alt=\"Foto de una urna recibiendo un voto durante la consulta popular\" srcset=\"https:\/\/www.prospereando.es\/wp-content\/uploads\/2012\/03\/9899c.jpg 420w, https:\/\/www.prospereando.es\/wp-content\/uploads\/2012\/03\/9899c-300x199.jpg 300w\" sizes=\"auto, (max-width: 420px) 100vw, 420px\" \/><\/p>\n<p>La pregunta era: \u00bfEst\u00e1s de acuerdo con que el Canal de Isabel II siga siendo 100 % p\u00fablico? y en la papeleta figuraba un Si y un No&nbsp;como posibles respuestas. Los comentarios que se o\u00edan eran de disconformidad con la pretensi\u00f3n de la Comunidad de Madrid&nbsp;de privatizar un bien p\u00fablico y muy valorado por todo el mundo: &quot;lo rica y buena que es el agua de Madrid &quot;. La Plataforma contra la privatizaci\u00f3n del Canal de Isabel II est\u00e1&nbsp; integrada por IU, Equo y CCOO, entre otras entidades ecologistas y vecinales, cuenta adem\u00e1s con el apoyo del Movimiento 15M. <br \/>La Asociaci\u00f3n de vecinos Valle-Incl\u00e1n de Prosperidad, junto a la Escuela de la Prospe y el Movimiento 15M particip\u00f3 en la recogida de votos y escrutinio posterior&nbsp;de las urnas de la mesa 3., contabiliz\u00e1ndose 1371 votos, de los cuales fueron favorables&nbsp;a que el agua siga siendo p\u00fablica: 1359. <br \/>Seg\u00fan Enrique Garc\u00eda, de la Asamblea Popular del 15M de Tetu\u00e1n, hace unos meses la ciudadan\u00eda no sab\u00eda nada de la privatizaci\u00f3n del Canal y, gracias a la acci\u00f3n gran parte de la poblaci\u00f3n est\u00e1 informada. La consulta no era vinculante pero seg\u00fan los organizadores, \u201ctiene toda la validez moral y pol\u00edtica\u201d.<\/p>\n<p>Ver Noticias sobre el Canal de Isabel II en Prospereando<\/p>\n<p><a target=\"_blank\" href=\"\/index.php?module=noticias&amp;func=display&amp;sid=149\">El CANAL DE ISABEL II<\/a><\/p>\n<p><a target=\"_blank\" href=\"\/index.php?module=noticias&amp;func=display&amp;sid=149\"><a href=\"\/index.php?module=noticias&amp;func=display&amp;sid=132\" target=\"_blank\">Ratificada la privatizaci\u00f3n del Canal de Isabel II<\/a><\/a> <\/p>\n","protected":false},"excerpt":{"rendered":"<p> El 99 por ciento de los participantes en la consulta ciudadana, m\u00e1s de 165.000 madrile\u00f1os, no quieren que se privatice el canal de Isabel II<\/p>\n","protected":false},"author":1,"featured_media":3331,"comment_status":"closed","ping_status":"open","sticky":false,"template":"","format":"standard","meta":{"footnotes":""},"categories":[14],"tags":[],"class_list":["post-1018","post","type-post","status-publish","format-standard","has-post-thumbnail","hentry","category-ciudadania"],"_links":{"self":[{"href":"https:\/\/www.prospereando.es\/index.php\/wp-json\/wp\/v2\/posts\/1018","targetHints":{"allow":["GET"]}}],"collection":[{"href":"https:\/\/www.prospereando.es\/index.php\/wp-json\/wp\/v2\/posts"}],"about":[{"href":"https:\/\/www.prospereando.es\/index.php\/wp-json\/wp\/v2\/types\/post"}],"author":[{"embeddable":true,"href":"https:\/\/www.prospereando.es\/index.php\/wp-json\/wp\/v2\/users\/1"}],"replies":[{"embeddable":true,"href":"https:\/\/www.prospereando.es\/index.php\/wp-json\/wp\/v2\/comments?post=1018"}],"version-history":[{"count":0,"href":"https:\/\/www.prospereando.es\/index.php\/wp-json\/wp\/v2\/posts\/1018\/revisions"}],"wp:featuredmedia":[{"embeddable":true,"href":"https:\/\/www.prospereando.es\/index.php\/wp-json\/wp\/v2\/media\/3331"}],"wp:attachment":[{"href":"https:\/\/www.prospereando.es\/index.php\/wp-json\/wp\/v2\/media?parent=1018"}],"wp:term":[{"taxonomy":"category","embeddable":true,"href":"https:\/\/www.prospereando.es\/index.php\/wp-json\/wp\/v2\/categories?post=1018"},{"taxonomy":"post_tag","embeddable":true,"href":"https:\/\/www.prospereando.es\/index.php\/wp-json\/wp\/v2\/tags?post=1018"}],"curies":[{"name":"wp","href":"https:\/\/api.w.org\/{rel}","templated":true}]}}