{"id":1016,"date":"2012-03-01T13:43:56","date_gmt":"2012-03-01T13:43:56","guid":{"rendered":"http:\/\/www.prospereando.es\/?p=1016"},"modified":"2012-03-01T13:50:14","modified_gmt":"2012-03-01T13:50:14","slug":"la-valle-inclan-mantiene-viva-su-voz","status":"publish","type":"post","link":"https:\/\/www.prospereando.es\/index.php\/2012\/03\/01\/la-valle-inclan-mantiene-viva-su-voz\/","title":{"rendered":"La Valle-Incl\u00e1n mantiene viva su voz"},"content":{"rendered":"<p>\u201cNos han desalojado, pero no nos han callado\u201d. Ese fue uno de los esl\u00f3ganes que se corearon en la marcha-cadena humana que recorri\u00f3 las calles de la Prospe el pasado martes 28 de Febrero, para manifestar la oposici\u00f3n de muchos vecinos al desalojo de la Valle-Incl\u00e1n. Un desalojo que, pese al m\u00e1s de a\u00f1o y medio de lucha pac\u00edfica, se produjo definitivamente en la tarde del 29 de Febrero (con raz\u00f3n dicen que los bisiestos no son nada favorables). <\/p>\n<p>Casi un centenar de vecinos unieron de forma simb\u00f3lica el viejo semis\u00f3tano de Luis Cabrera, con el nuevo local de Cardenal Sil\u00edceo 23. Y expresaron su malestar y disconformidad con las pol\u00edticas que la Comunidad de Madrid, sigue frente a lo p\u00fablico. Una pol\u00edtica que tiene como ejes principales el desprestigio de los servicios p\u00fablicos o de sus servidores y la exaltaci\u00f3n de la gesti\u00f3n privada y del beneficio econ\u00f3mico como \u00fanicos motores de la actividad de las instituciones.<\/p>\n<p>En esa l\u00ednea, se han enfrentado a los sectores educativos y sanitarios y han \u201cdisparado\u201d contra todo lo que se mov\u00eda en una l\u00ednea distinta a la que propugnan. La Asociaci\u00f3n Valle-Incl\u00e1n, es peque\u00f1ita, min\u00fascula, un David comparado con el Goliat de la Administraci\u00f3n Esperanza-Figar, pero a pesar de esa insignificancia, no ha podido escapar a la mirada depredadora de esta comunidad que presume ser \u201cla suma de todos\u201d.<\/p>\n<p>Esta Asociaci\u00f3n no debe ser considerada como uno de \u201csus todos\u201d y por tanto, en un intento de acallar su peque\u00f1a, pero constante voz cr\u00edtica, se ha intentado silenciarla, expuls\u00e1ndola del local p\u00fablico que ocupaba. Pero, como dec\u00edan los vecinos: \u201cnos han desalojado, pero no nos han callado\u201d.<\/p>\n<p>La voz de la Asociaci\u00f3n sigue viva en su nuevo local. Un local que ha costado poner en p\u00ede mucho m\u00e1s de lo que se pueda imaginar, pero que va a seguir siendo un punto de encuentro para todos los que creen, creemos, en el valor de lo p\u00fablico y en la importancia de mantener centros de integraci\u00f3n y cr\u00edtica.<\/p>\n<p>La Asociaci\u00f3n de vecinos Valle-Incl\u00e1n y \u201cProspereando\u201d, siguen teniendo muy clara cuales son las prioridades en estos tiempos de crisis que vivimos. Y la principal, es que pese al intento de que seamos los ciudadanos los que paguemos una crisis que no hemos contribuido a crear, todos hemos de contribuir a mantener espacios de solidaridad y ayuda para aquellos que m\u00e1s lo necesiten. Ah\u00ed siempre estaremos nosotros.<\/p>\n","protected":false},"excerpt":{"rendered":"<p>\u201cNos han desalojado, pero no nos han callado\u201d. Ese fue uno de los esl\u00f3ganes que se corearon en la marcha-cadena humana que recorri\u00f3 las calles de la Prospe el pasado martes 28 de Febrero, para manifestar la oposici\u00f3n de muchos vecinos al desalojo de la Valle-Incl\u00e1n.<\/p>\n","protected":false},"author":1,"featured_media":0,"comment_status":"closed","ping_status":"open","sticky":false,"template":"","format":"standard","meta":{"footnotes":""},"categories":[22],"tags":[],"class_list":["post-1016","post","type-post","status-publish","format-standard","hentry","category-editorial"],"_links":{"self":[{"href":"https:\/\/www.prospereando.es\/index.php\/wp-json\/wp\/v2\/posts\/1016","targetHints":{"allow":["GET"]}}],"collection":[{"href":"https:\/\/www.prospereando.es\/index.php\/wp-json\/wp\/v2\/posts"}],"about":[{"href":"https:\/\/www.prospereando.es\/index.php\/wp-json\/wp\/v2\/types\/post"}],"author":[{"embeddable":true,"href":"https:\/\/www.prospereando.es\/index.php\/wp-json\/wp\/v2\/users\/1"}],"replies":[{"embeddable":true,"href":"https:\/\/www.prospereando.es\/index.php\/wp-json\/wp\/v2\/comments?post=1016"}],"version-history":[{"count":0,"href":"https:\/\/www.prospereando.es\/index.php\/wp-json\/wp\/v2\/posts\/1016\/revisions"}],"wp:attachment":[{"href":"https:\/\/www.prospereando.es\/index.php\/wp-json\/wp\/v2\/media?parent=1016"}],"wp:term":[{"taxonomy":"category","embeddable":true,"href":"https:\/\/www.prospereando.es\/index.php\/wp-json\/wp\/v2\/categories?post=1016"},{"taxonomy":"post_tag","embeddable":true,"href":"https:\/\/www.prospereando.es\/index.php\/wp-json\/wp\/v2\/tags?post=1016"}],"curies":[{"name":"wp","href":"https:\/\/api.w.org\/{rel}","templated":true}]}}