{"id":1015,"date":"2012-03-01T13:22:51","date_gmt":"2012-03-01T13:22:51","guid":{"rendered":"http:\/\/www.prospereando.es\/?p=1015"},"modified":"2012-03-01T13:22:51","modified_gmt":"2012-03-01T13:22:51","slug":"tras-el-desalojo-los-vecinos-hicieron-una-cadena-humana-hasta-el-nuevo-local-de-la-avv-valle-inclan-prosperidad","status":"publish","type":"post","link":"https:\/\/www.prospereando.es\/index.php\/2012\/03\/01\/tras-el-desalojo-los-vecinos-hicieron-una-cadena-humana-hasta-el-nuevo-local-de-la-avv-valle-inclan-prosperidad\/","title":{"rendered":"Tras el desalojo los vecinos hicieron una cadena humana hasta el nuevo local de la A.VV. Valle-Incl\u00e1n Prosperidad"},"content":{"rendered":"<p>Cerca de un centenar de personas, vecinos del Barrio de Prosperidad y socios de la Asociaci\u00f3n de Vecinos Valle Incl\u00e1n de Prosperidad, hicieron una cadena humana desde el local viejo del semis\u00f3tano de Luis Cabrera, 51 hasta el nuevo en Cardenal Sil\u00edceo n\u00ba 23, recorriendo la transitada calle L\u00f3pez de Hoyos. <br \/>\u00bfEl motivo? el definitivo desalojo del local de la Asociaci\u00f3n por parte de la Comunidad de Madrid.<\/p>\n<p><img loading=\"lazy\" decoding=\"async\" width=\"420\" height=\"279\" src=\"http:\/\/www.prospereando.es\/wp-content\/uploads\/2012\/03\/9901c.jpg\" class=\"alignleft size-medium\" id=\"wp-image-3326\" title=\"Cadena humana hacia el nuevo local\" alt=\"Foto de la cadena humana hacia el nuevo local\" srcset=\"https:\/\/www.prospereando.es\/wp-content\/uploads\/2012\/03\/9901c.jpg 420w, https:\/\/www.prospereando.es\/wp-content\/uploads\/2012\/03\/9901c-300x199.jpg 300w\" sizes=\"auto, (max-width: 420px) 100vw, 420px\" \/><\/p>\n<p>Con decorativos carteles amarillos en la espalda y una flecha indicativa se\u00f1alando la nueva sede y portando diversos objetos de la mudanza: cuadros, posters, libros, flores, etc. coreaban \u201cun local para uso social\u201d, \u201cno a la especulaci\u00f3n\u201d, \u201cnos echar\u00e1n pero no nos callar\u00e1n\u201d a la vez que repart\u00edan octavillas explicativas a los transe\u00fantes que se interesaban por lo que ocurr\u00eda y algunos manifestaban su desacuerdo, solidariz\u00e1ndose con la protesta p\u00fablica.<\/p>\n<p>Se pon\u00eda en conocimiento de todos que es una Asociaci\u00f3n sin \u00e1nimo de lucro al servicio de todos los vecinos, un lugar de encuentro y convivencia, un punto de integraci\u00f3n, de ocio y de cultura. Que tiene un objetivo: que lo p\u00fablico siga siendo p\u00fablico y que est\u00e1 al servicio de cualquier ciudadano con independencia de sus opiniones o su situaci\u00f3n personal.<\/p>\n<p>Porque la Asociaci\u00f3n de Vecinos Valle-Incl\u00e1n Prosperidad, s\u00f3lo se traslada de lugar unas calles m\u00e1s abajo. En el nuevo local seguir\u00e1n los vecinos y socios con el mismo esp\u00edritu combativo y luchador de siempre, dispuestos a conseguir para el barrio todo lo mejor y a brindar a todos los que se acerquen al nuevo local de Cardenal Sil\u00edceo, 23 la ayuda y la compa\u00f1\u00eda que necesiten. <\/p>\n","protected":false},"excerpt":{"rendered":"<p> Cerca de un centenar de personas, vecinos del Barrio de Prosperidad y socios de la Asociaci\u00f3n de Vecinos Valle Incl\u00e1n de Prosperidad, hicieron una cadena humana desde el local viejo del semis\u00f3tano de Luis Cabrera, 51 hasta el nuevo en Cardenal Sil\u00edceo n\u00ba 23, recorriendo la transitada calle L\u00f3pez de Hoyos. \u00bfEl motivo? el definitivo desalojo del local de la Asociaci\u00f3n por parte de la Comunidad de Madrid.<\/p>\n","protected":false},"author":1,"featured_media":3327,"comment_status":"closed","ping_status":"open","sticky":false,"template":"","format":"standard","meta":{"footnotes":""},"categories":[14],"tags":[],"class_list":["post-1015","post","type-post","status-publish","format-standard","has-post-thumbnail","hentry","category-ciudadania"],"_links":{"self":[{"href":"https:\/\/www.prospereando.es\/index.php\/wp-json\/wp\/v2\/posts\/1015","targetHints":{"allow":["GET"]}}],"collection":[{"href":"https:\/\/www.prospereando.es\/index.php\/wp-json\/wp\/v2\/posts"}],"about":[{"href":"https:\/\/www.prospereando.es\/index.php\/wp-json\/wp\/v2\/types\/post"}],"author":[{"embeddable":true,"href":"https:\/\/www.prospereando.es\/index.php\/wp-json\/wp\/v2\/users\/1"}],"replies":[{"embeddable":true,"href":"https:\/\/www.prospereando.es\/index.php\/wp-json\/wp\/v2\/comments?post=1015"}],"version-history":[{"count":0,"href":"https:\/\/www.prospereando.es\/index.php\/wp-json\/wp\/v2\/posts\/1015\/revisions"}],"wp:featuredmedia":[{"embeddable":true,"href":"https:\/\/www.prospereando.es\/index.php\/wp-json\/wp\/v2\/media\/3327"}],"wp:attachment":[{"href":"https:\/\/www.prospereando.es\/index.php\/wp-json\/wp\/v2\/media?parent=1015"}],"wp:term":[{"taxonomy":"category","embeddable":true,"href":"https:\/\/www.prospereando.es\/index.php\/wp-json\/wp\/v2\/categories?post=1015"},{"taxonomy":"post_tag","embeddable":true,"href":"https:\/\/www.prospereando.es\/index.php\/wp-json\/wp\/v2\/tags?post=1015"}],"curies":[{"name":"wp","href":"https:\/\/api.w.org\/{rel}","templated":true}]}}