{"id":1014,"date":"2012-03-01T13:14:34","date_gmt":"2012-03-01T13:14:34","guid":{"rendered":"http:\/\/www.prospereando.es\/?p=1014"},"modified":"2012-03-01T13:14:35","modified_gmt":"2012-03-01T13:14:35","slug":"el-cgpj-confirma-la-expulsion-de-garzon-de-la-judicatura-y-lo-absuelve-por-investigar-los-crimenes-del-franquismo","status":"publish","type":"post","link":"https:\/\/www.prospereando.es\/index.php\/2012\/03\/01\/el-cgpj-confirma-la-expulsion-de-garzon-de-la-judicatura-y-lo-absuelve-por-investigar-los-crimenes-del-franquismo\/","title":{"rendered":"El CGPJ confirma la expulsi\u00f3n de Garz\u00f3n de la judicatura y lo absuelve por investigar los cr\u00edmenes del franquismo"},"content":{"rendered":"<p>Garz\u00f3n ha sido absuelto por el caso de los cr\u00edmenes del franquismo. Fue denunciado por autorizar la investigaci\u00f3n de la tortura, asesinato y desaparici\u00f3n de m\u00e1s de 114.000 personas entre 1936 y 1951. Una sentencia que llega cuando Garz\u00f3n, juez molesto por atreverse con una poderosa trama de corrupci\u00f3n como \u201cG\u00fcrtel\u201d, ha sido expulsado de la carrera judicial. Quedar\u00e1 inhabilitado durante once a\u00f1os para ejercer su profesi\u00f3n y adem\u00e1s tendr\u00e1 que pagar una multa de 2.520 Euros. <\/p>\n<p>A\u00fan le quedaba un tercer juicio por \u201csupuestas irregularidades en el patrocinio de una serie de conferencias en Nueva York\u201d pero ha prescrito sin darle lugar a defenderse de las acusaciones.<\/p>\n<p>Visto el contexto en que se han celebrado estos juicios, han adquirido gran relevancia, por las presiones a las que haya podido estar sometida la Sala Segunda del Tribunal Supremo y las enormes cr\u00edticas que han levantado su actuaci\u00f3n, tanto a nivel nacional como internacional. La independencia y reputaci\u00f3n de nuestra judicatura est\u00e1n en entredicho.<\/p>\n<p>El \u00fanico intento judicial de investigar las desapariciones de v\u00edctimas que se encuentran en fosas clandestinas, ha llevado al juez Garz\u00f3n al banquillo, acusado de incumplir la ley de amnist\u00eda de 1977.<\/p>\n<p><img loading=\"lazy\" decoding=\"async\" width=\"420\" height=\"315\" src=\"http:\/\/www.prospereando.es\/wp-content\/uploads\/2012\/03\/9902c.jpg\" class=\"alignleft size-medium\" id=\"wp-image-3324\" title=\"Concentraci\u00f3n en apoyo a Garz\u00f3n ante el Tribunal Supremo el 24 de enero de 2012\" alt=\"Foto de concentraci\u00f3n en apoyo a Garz\u00f3n ante el tribunal supremo el 24 de enero de 2012\" srcset=\"https:\/\/www.prospereando.es\/wp-content\/uploads\/2012\/03\/9902c.jpg 420w, https:\/\/www.prospereando.es\/wp-content\/uploads\/2012\/03\/9902c-300x225.jpg 300w\" sizes=\"auto, (max-width: 420px) 100vw, 420px\" \/><\/p>\n<p>El derecho internacional establece que v\u00edctimas de tal gravedad no pueden ser objeto de amnist\u00eda. La fiscal\u00eda y destacados juristas avalan la investigaci\u00f3n que inici\u00f3 Garz\u00f3n. Desde los a\u00f1os noventa, jueces espa\u00f1oles han jugado un papel clave en la lucha contra la impunidad, investigando abusos de Derechos Humanos en Ruanda, Chile o Guant\u00e1namo. Desde 1998 con el derecho internacional el juez Garz\u00f3n permiti\u00f3 el arresto del general Pinochet por la tortura y asesinato de miles de ciudadanos chilenos y extranjeros.<br \/>La reputaci\u00f3n internacional de Garz\u00f3n se ha debido a su labor contra los cr\u00edmenes de lesa humanidad. El tribunal ha negado a la defensa de Garz\u00f3n poder aportar pruebas testificales de peritos en Derecho Internacional y ha incurrido en importantes irregularidades procesales seg\u00fan los juristas.<\/p>\n<p>Procesos de justicia y reconciliaci\u00f3n en Alemania, Chile, Argentina, se han ido logrando gracias a los movimientos de Derechos Humanos y actuaciones judiciales. As\u00ed, observadores internacionales en el segundo juicio contra Garz\u00f3n como Human Rights Watch han dicho \u201cel mundo entero tiene los ojos puestos en las represalias que se est\u00e1n aplicando a Garz\u00f3n\u201d. La Comisi\u00f3n Internacional de Juristas de Amnist\u00eda Internacional habla del \u201cenorme da\u00f1o\u201d a la imagen de Espa\u00f1a. Jos\u00e9 Antonio Mart\u00edn Pall\u00edn, magistrado retirado del Tribunal Supremo y miembro de la Comisi\u00f3n Internacional de Juristas recalca que estas resoluciones pueden producir intimidaci\u00f3n a jueces que investiguen violaciones de derechos humanos. <\/p>\n<p>Diversos medios de comunicaci\u00f3n como The Guardian, Le Monde, New York Times, se hicieron eco de la noticia, as\u00ed como la cadena C.N.N y la catar\u00ed Al Jazira, expresando comentarios de perplejidad.<\/p>\n<p>Seg\u00fan el abogado del juez Garz\u00f3n, este acudir\u00e1 al Tribunal Constitucional por si se han vulnerado sus derechos fundamentales. En la actualidad el juez Garz\u00f3n se encuentra en Colombia como asesor de la misi\u00f3n de apoyo de la Organizaci\u00f3n de Estados Americanos para la implantaci\u00f3n de la Ley de Justicia y Paz. <\/p>\n","protected":false},"excerpt":{"rendered":"<p> Garz\u00f3n ha sido absuelto por el caso de los cr\u00edmenes del franquismo. Fue denunciado por autorizar la investigaci\u00f3n de la tortura, asesinato y desaparici\u00f3n de m\u00e1s de 114.000 personas entre 1936 y 1951. Una sentencia que llega cuando Garz\u00f3n, juez molesto por atreverse con una poderosa trama de corrupci\u00f3n como \u201cG\u00fcrtel\u201d, ha sido expulsado de la carrera judicial.<\/p>\n","protected":false},"author":1,"featured_media":3325,"comment_status":"closed","ping_status":"open","sticky":false,"template":"","format":"standard","meta":{"footnotes":""},"categories":[16],"tags":[],"class_list":["post-1014","post","type-post","status-publish","format-standard","has-post-thumbnail","hentry","category-derechos-humanos"],"_links":{"self":[{"href":"https:\/\/www.prospereando.es\/index.php\/wp-json\/wp\/v2\/posts\/1014","targetHints":{"allow":["GET"]}}],"collection":[{"href":"https:\/\/www.prospereando.es\/index.php\/wp-json\/wp\/v2\/posts"}],"about":[{"href":"https:\/\/www.prospereando.es\/index.php\/wp-json\/wp\/v2\/types\/post"}],"author":[{"embeddable":true,"href":"https:\/\/www.prospereando.es\/index.php\/wp-json\/wp\/v2\/users\/1"}],"replies":[{"embeddable":true,"href":"https:\/\/www.prospereando.es\/index.php\/wp-json\/wp\/v2\/comments?post=1014"}],"version-history":[{"count":0,"href":"https:\/\/www.prospereando.es\/index.php\/wp-json\/wp\/v2\/posts\/1014\/revisions"}],"wp:featuredmedia":[{"embeddable":true,"href":"https:\/\/www.prospereando.es\/index.php\/wp-json\/wp\/v2\/media\/3325"}],"wp:attachment":[{"href":"https:\/\/www.prospereando.es\/index.php\/wp-json\/wp\/v2\/media?parent=1014"}],"wp:term":[{"taxonomy":"category","embeddable":true,"href":"https:\/\/www.prospereando.es\/index.php\/wp-json\/wp\/v2\/categories?post=1014"},{"taxonomy":"post_tag","embeddable":true,"href":"https:\/\/www.prospereando.es\/index.php\/wp-json\/wp\/v2\/tags?post=1014"}],"curies":[{"name":"wp","href":"https:\/\/api.w.org\/{rel}","templated":true}]}}