{"id":10069,"date":"2019-02-25T22:22:16","date_gmt":"2019-02-25T21:22:16","guid":{"rendered":"http:\/\/www.prospereando.es\/?p=10069"},"modified":"2019-03-16T23:49:49","modified_gmt":"2019-03-16T22:49:49","slug":"no-al-recorte-de-horario-en-la-salud","status":"publish","type":"post","link":"https:\/\/www.prospereando.es\/index.php\/2019\/02\/25\/no-al-recorte-de-horario-en-la-salud\/","title":{"rendered":"No al recorte de horario en la salud"},"content":{"rendered":"<p align=\"justify\"><img loading=\"lazy\" decoding=\"async\" class=\"wp-image-10077 aligncenter\" src=\"http:\/\/www.prospereando.es\/wp-content\/uploads\/2019\/02\/plataforma1-288x300.jpg\" alt=\"\" width=\"485\" height=\"505\" srcset=\"https:\/\/www.prospereando.es\/wp-content\/uploads\/2019\/02\/plataforma1-288x300.jpg 288w, https:\/\/www.prospereando.es\/wp-content\/uploads\/2019\/02\/plataforma1.jpg 598w\" sizes=\"auto, (max-width: 485px) 100vw, 485px\" \/><\/p>\n<p align=\"justify\">Delante del Centro de Salud Pr\u00edncipe de Vergara de Atenci\u00f3n Primaria (AP) este pasado jueves, 21 de febrero, hubo una concentraci\u00f3n. Este Centro es uno de los 14 Centros Piloto en los que la Comunidad de Madrid, ha puesto en marcha los recortes de horario (hasta las 18:30, antes terminaban a las 21 horas).<\/p>\n<p align=\"justify\">Durante la misma se repartieron hojas informativas explicando a la ciudadan\u00eda las consecuencias negativas que esta medida va a tener en los usuarios. Al mismo tiempo se recogieron firmas para entregar en la Consejer\u00eda de Sanidad de la Comunidad de Madrid <strong>exigiendo la retirada de dicha decisi\u00f3n<\/strong>.<\/p>\n<p align=\"justify\">Hay que resaltar, que tanto las personas que recib\u00edan las hojas explicativas como las que firmaban, se sorprend\u00edan y manifestaban no tener conocimiento de estos hechos, ni siquiera los que entraban en la consulta.<\/p>\n<p align=\"justify\">\u00bfPor qu\u00e9 esta falta de informaci\u00f3n a la ciudadan\u00eda? \u00bfPor qu\u00e9 este nuevo ataque a la Salud P\u00fablica de manera silenciosa? \u00bfNo ser\u00e1 que, para este Gobierno de la Comunidad de Madrid es m\u00e1s importante el negocio de las multinacionales privadas, que el derecho a la Salud de los ciudadanos?<\/p>\n<p align=\"justify\"><img loading=\"lazy\" decoding=\"async\" class=\"wp-image-10078 aligncenter\" src=\"http:\/\/www.prospereando.es\/wp-content\/uploads\/2019\/02\/plataforma2-300x169.jpg\" alt=\"\" width=\"476\" height=\"268\" srcset=\"https:\/\/www.prospereando.es\/wp-content\/uploads\/2019\/02\/plataforma2-300x169.jpg 300w, https:\/\/www.prospereando.es\/wp-content\/uploads\/2019\/02\/plataforma2.jpg 400w\" sizes=\"auto, (max-width: 476px) 100vw, 476px\" \/><\/p>\n<p align=\"justify\">En este mes de febrero, estas concentraciones (se est\u00e1n realizando en los restantes centros afectados), porque los ciudadanos informados debemos frenar esta medida, o lo pr\u00f3ximo ser\u00e1 implantarlo en todos los Centros de Salud existentes en Madrid y Comunidad. Debemos movilizarnos al m\u00e1ximo y paralizar esta medida (como ya se hizo hace algo m\u00e1s de 6 a\u00f1os).<\/p>\n<p align=\"justify\"><strong>Perderemos todos, si perdemos el derecho a la Salud P\u00fablica y de calidad<\/strong>.<\/p>\n","protected":false},"excerpt":{"rendered":"<p>Delante del Centro de Salud Pr\u00edncipe de Vergara de Atenci\u00f3n Primaria (AP) este pasado jueves, 21 de febrero, hubo una concentraci\u00f3n.<\/p>\n","protected":false},"author":1,"featured_media":10077,"comment_status":"open","ping_status":"open","sticky":false,"template":"","format":"standard","meta":{"footnotes":""},"categories":[11],"tags":[],"class_list":["post-10069","post","type-post","status-publish","format-standard","has-post-thumbnail","hentry","category-sanidad","sent_by-marta-hidalgo"],"_links":{"self":[{"href":"https:\/\/www.prospereando.es\/index.php\/wp-json\/wp\/v2\/posts\/10069","targetHints":{"allow":["GET"]}}],"collection":[{"href":"https:\/\/www.prospereando.es\/index.php\/wp-json\/wp\/v2\/posts"}],"about":[{"href":"https:\/\/www.prospereando.es\/index.php\/wp-json\/wp\/v2\/types\/post"}],"author":[{"embeddable":true,"href":"https:\/\/www.prospereando.es\/index.php\/wp-json\/wp\/v2\/users\/1"}],"replies":[{"embeddable":true,"href":"https:\/\/www.prospereando.es\/index.php\/wp-json\/wp\/v2\/comments?post=10069"}],"version-history":[{"count":4,"href":"https:\/\/www.prospereando.es\/index.php\/wp-json\/wp\/v2\/posts\/10069\/revisions"}],"predecessor-version":[{"id":10222,"href":"https:\/\/www.prospereando.es\/index.php\/wp-json\/wp\/v2\/posts\/10069\/revisions\/10222"}],"wp:featuredmedia":[{"embeddable":true,"href":"https:\/\/www.prospereando.es\/index.php\/wp-json\/wp\/v2\/media\/10077"}],"wp:attachment":[{"href":"https:\/\/www.prospereando.es\/index.php\/wp-json\/wp\/v2\/media?parent=10069"}],"wp:term":[{"taxonomy":"category","embeddable":true,"href":"https:\/\/www.prospereando.es\/index.php\/wp-json\/wp\/v2\/categories?post=10069"},{"taxonomy":"post_tag","embeddable":true,"href":"https:\/\/www.prospereando.es\/index.php\/wp-json\/wp\/v2\/tags?post=10069"}],"curies":[{"name":"wp","href":"https:\/\/api.w.org\/{rel}","templated":true}]}}