{"id":1002,"date":"2012-02-20T14:14:51","date_gmt":"2012-02-20T14:14:51","guid":{"rendered":"http:\/\/www.prospereando.es\/?p=1002"},"modified":"2012-02-20T14:31:35","modified_gmt":"2012-02-20T14:31:35","slug":"valle-inclan-visita-a-valle-inclan","status":"publish","type":"post","link":"https:\/\/www.prospereando.es\/index.php\/2012\/02\/20\/valle-inclan-visita-a-valle-inclan\/","title":{"rendered":"Valle Incl\u00e1n visita a VALLE-INCL\u00c1N"},"content":{"rendered":"<p>Valle Incl\u00e1n visita a VALLE-INCL\u00c1N<\/p>\n<p>La Asociaci\u00f3n de Vecinos Valle-Incl\u00e1n de Prosperidad asisti\u00f3 a<br \/>\nla representaci\u00f3n \u201cLuces de Bohemia\u201d de Ram\u00f3n M\u00aa<br \/>\nValle-Incl\u00e1n en el Teatro Mar\u00eda Guerrero de Madrid. Una obra<br \/>\npublicada en 1920 y estrenada en Espa\u00f1a en 1.970.<\/p>\n<p>Una original escenograf\u00eda de Lluc Castells y una direcci\u00f3n<br \/>\nacertada de Luis Homar, hacen transcurrir la obra manteniendo la<br \/>\natenci\u00f3n del espectador y situ\u00e1ndole en el Madrid de principios<br \/>\ndel siglo XX.<\/p>\n<p>El protagonista de la obra, Max Estrella, escritor venido a menos,<br \/>\ninterpretado por Gonzalo de Castro, nos va mostrando a trav\u00e9s de<br \/>\nun retazo de su historia la decadencia de Espa\u00f1a. Deforma y<br \/>\ndistorsiona con iron\u00eda y s\u00e1tira a aqu\u00e9lla sociedad en la que<br \/>\nno hab\u00eda lugar para los genios y trabajadores y s\u00ed \u201cpara<br \/>\nla canalla y la infamia\u201d.<\/p>\n<p> <img loading=\"lazy\" decoding=\"async\" width=\"420\" height=\"241\" src=\"http:\/\/www.prospereando.es\/wp-content\/uploads\/2012\/02\/9903c.jpg\" class=\"alignleft size-medium\" id=\"wp-image-3322\" title=\"Una escena de la obra\" alt=\"Foto de una escena de la obra\" srcset=\"https:\/\/www.prospereando.es\/wp-content\/uploads\/2012\/02\/9903c.jpg 420w, https:\/\/www.prospereando.es\/wp-content\/uploads\/2012\/02\/9903c-300x172.jpg 300w\" sizes=\"auto, (max-width: 420px) 100vw, 420px\" \/><\/p>\n<p>Los personajes, todos de la vida real y caricariturizados, no<br \/>\nsimb\u00f3licos, expresan el sentimiento tr\u00e1gico de la vida. El<br \/>\nmismo Valle-Incl\u00e1n define as\u00ed el estilo de esta obra que \u00e9l<br \/>\nmismo introdujo EL ESPERPENTO. \u201cLos h\u00e9roes cl\u00e1sicos<br \/>\nreflejados en los espejos c\u00f3ncavos dan el esperpento. El sentido<br \/>\ntr\u00e1gico de la vida espa\u00f1ola s\u00f3lo puede darse con una est\u00e9tica<br \/>\nsistem\u00e1ticamente deformada\u201d.<\/p>\n<p>La utilizaci\u00f3n del lenguaje es de gran dominio, tanto desde el<br \/>\npunto de vista literario como ling\u00fc\u00edstico, lenguaje que llama<br \/>\nal cuerpo y exige una respuesta corporal compleja. La m\u00fasica en<br \/>\ndirecto: viol\u00edn y piano ayudan a producir un ritmo esc\u00e9nico<br \/>\nacorde con el conjunto de la obra. Seg\u00fan el Director <em>\u201cen<br \/>\nLuces de Bohemia late constante e incesantemente el pulso de la<br \/>\nsociedad de la que somos herederos\u201d<\/em>.<\/p>\n<p>Valle-Incl\u00e1n nos hace modernos en el sentido m\u00e1s absoluto del t\u00e9rmino,<br \/>\nnos invita a mirarnos en el espejo deformante de nuestra concepci\u00f3n<br \/>\nemocional e ideol\u00f3gica en el que hemos sido atrapado. Y lo hace<br \/>\ncauterizadoramente, como revelaci\u00f3n para que busquemos una nueva<br \/>\nluz, una nueva soluci\u00f3n est\u00e9tica a los problemas \u00e9ticos de<br \/>\nnuestra sociedad. Nuestro tiempo est\u00e1 volviendo a salir a las<br \/>\nplazas, a las \u00e1goras del pensamiento colectivo, como lo hicieron<br \/>\nlos personajes de Luces de Bohemia.<\/p>\n<p>Jos\u00e9 Carlos Plaza, director teatral, dec\u00eda recientemente en El<br \/>\nPa\u00eds: <em>\u201ceste pa\u00eds lo que pide a gritos es que nazca un<br \/>\nnuevo Valle-Incl\u00e1n. \u00a1Pero ya! \u00a1Por Dios!. Alguien que escriba<br \/>\nalgo sobre esta burla falsa de sociedad que estamos viviendo. Un<br \/>\nretratista como \u00e9l, como Goya. \u00bfD\u00f3nde est\u00e1 la cr\u00edtica espa\u00f1ola<br \/>\na la vida?, esa es nuestra cumbre: expresar esa deformidad que<br \/>\nhoy tenemos servida en bandeja\u201d<\/em>.<\/p>\n<p>Teatro Mar\u00eda Guerrero hasta el 25 de marzo del 2012.<\/p>\n<p><a href=\"http:\/\/cdn.mcu.es\/index.php\/es\/Temporada_actual\/Programacion\/16\/\" target=\"_blank\">M\u00e1s Informaci\u00f3n<\/a><\/p>\n<p><a href=\"http:\/\/cdn.mcu.es\/pdf\/cdn1112_16.pdf\" target=\"_blank\">Ver Dosier de la obra<\/a><\/p>\n","protected":false},"excerpt":{"rendered":"<p> La Asociaci\u00f3n de Vecinos Valle-Incl\u00e1n de Prosperidad asisti\u00f3 a la representaci\u00f3n de \u201cLuces de Bohemia\u201d de Ram\u00f3n M\u00aa Valle-Incl\u00e1n en el Teatro Mar\u00eda Guerrero de Madrid. Una obra publicada en 1920 y estrenada en Espa\u00f1a en 1.970.<\/p>\n","protected":false},"author":1,"featured_media":3323,"comment_status":"closed","ping_status":"open","sticky":false,"template":"","format":"standard","meta":{"footnotes":""},"categories":[18],"tags":[],"class_list":["post-1002","post","type-post","status-publish","format-standard","has-post-thumbnail","hentry","category-cultura"],"_links":{"self":[{"href":"https:\/\/www.prospereando.es\/index.php\/wp-json\/wp\/v2\/posts\/1002","targetHints":{"allow":["GET"]}}],"collection":[{"href":"https:\/\/www.prospereando.es\/index.php\/wp-json\/wp\/v2\/posts"}],"about":[{"href":"https:\/\/www.prospereando.es\/index.php\/wp-json\/wp\/v2\/types\/post"}],"author":[{"embeddable":true,"href":"https:\/\/www.prospereando.es\/index.php\/wp-json\/wp\/v2\/users\/1"}],"replies":[{"embeddable":true,"href":"https:\/\/www.prospereando.es\/index.php\/wp-json\/wp\/v2\/comments?post=1002"}],"version-history":[{"count":0,"href":"https:\/\/www.prospereando.es\/index.php\/wp-json\/wp\/v2\/posts\/1002\/revisions"}],"wp:featuredmedia":[{"embeddable":true,"href":"https:\/\/www.prospereando.es\/index.php\/wp-json\/wp\/v2\/media\/3323"}],"wp:attachment":[{"href":"https:\/\/www.prospereando.es\/index.php\/wp-json\/wp\/v2\/media?parent=1002"}],"wp:term":[{"taxonomy":"category","embeddable":true,"href":"https:\/\/www.prospereando.es\/index.php\/wp-json\/wp\/v2\/categories?post=1002"},{"taxonomy":"post_tag","embeddable":true,"href":"https:\/\/www.prospereando.es\/index.php\/wp-json\/wp\/v2\/tags?post=1002"}],"curies":[{"name":"wp","href":"https:\/\/api.w.org\/{rel}","templated":true}]}}